
{"id":5540,"date":"2024-10-29T14:40:53","date_gmt":"2024-10-29T06:40:53","guid":{"rendered":"https:\/\/www.tfcomposite.com\/?p=5540"},"modified":"2024-10-29T14:42:27","modified_gmt":"2024-10-29T06:42:27","slug":"placa-de-cobertura-de-fibra-de-vidro-frp-passarela-vala-resistente-a-produtos-quimicos-baixa-manutencao","status":"publish","type":"post","link":"https:\/\/www.tfcomposite.com\/pt\/placa-de-cobertura-de-fibra-de-vidro-frp-passarela-vala-resistente-a-produtos-quimicos-baixa-manutencao","title":{"rendered":"Placa de cobertura de FRP de fibra de vidro para passarela, vala resistente a produtos qu\u00edmicos, baixa manuten\u00e7\u00e3o"},"content":{"rendered":"<p>A Placa de Cobertura de Fibra de Vidro \u00e9 uma solu\u00e7\u00e3o de alta resist\u00eancia e resistente \u00e0 corros\u00e3o, projetada para cobrir valas, pisos, passarelas e outras \u00e1reas onde a durabilidade e a seguran\u00e7a s\u00e3o cruciais. Feita de pl\u00e1stico refor\u00e7ado com fibra de vidro (FRP) de alta qualidade, ela oferece uma excelente alternativa \u00e0s coberturas tradicionais de metal ou concreto, sendo leve, n\u00e3o corrosiva e livre de manuten\u00e7\u00e3o. Essas placas de cobertura s\u00e3o adequadas para v\u00e1rios ambientes, incluindo instala\u00e7\u00f5es industriais, aplica\u00e7\u00f5es mar\u00edtimas e esta\u00e7\u00f5es de tratamento de \u00e1guas residuais.<\/p>\n<h4>Caracter\u00edsticas principais:<\/h4>\n<ul>\n<li><strong>Material:<\/strong> Pl\u00e1stico refor\u00e7ado com fibra de vidro (FRP)<\/li>\n<li><strong>Resist\u00eancia \u00e0 corros\u00e3o:<\/strong> Excelente para uso em ambientes agressivos, incluindo exposi\u00e7\u00e3o a produtos qu\u00edmicos e \u00e1gua salgada<\/li>\n<li><strong>Leve:<\/strong> Mais f\u00e1cil de manusear e instalar em compara\u00e7\u00e3o com alternativas de metal ou concreto<\/li>\n<li><strong>Superf\u00edcie antiderrapante:<\/strong> Superf\u00edcie superior texturizada para reduzir riscos de escorregamento<\/li>\n<li><strong>Retardante de fogo:<\/strong> Dispon\u00edvel com resinas resistentes ao fogo para atender aos padr\u00f5es de seguran\u00e7a<\/li>\n<li><strong>Prote\u00e7\u00e3o UV:<\/strong> Propriedades resistentes a UV, ideal para uso interno e externo<\/li>\n<li><strong>Personaliz\u00e1vel:<\/strong> Dispon\u00edvel em diferentes espessuras, cores e classifica\u00e7\u00f5es de carga<\/li>\n<li><strong>Resistente a impactos:<\/strong> Dur\u00e1vel e capaz de suportar cargas pesadas e impactos<\/li>\n<\/ul>\n<div id=\"attachment_5542\" style=\"width: 1090px\" class=\"wp-caption aligncenter\"><img loading=\"lazy\" decoding=\"async\" aria-describedby=\"caption-attachment-5542\" class=\"size-full wp-image-5542\" src=\"https:\/\/lingjuimg.com\/wp-content\/uploads\/tfcomposite\/2024\/10\/grating-yellow-21.jpg\" alt=\"f\u00e1brica atacadista\" width=\"1080\" height=\"1080\" title=\"\" srcset=\"https:\/\/lingjuimg.com\/wp-content\/uploads\/tfcomposite\/2024\/10\/grating-yellow-21.jpg 1080w, https:\/\/lingjuimg.com\/wp-content\/uploads\/tfcomposite\/2024\/10\/grating-yellow-21-300x300.jpg 300w, https:\/\/lingjuimg.com\/wp-content\/uploads\/tfcomposite\/2024\/10\/grating-yellow-21-1024x1024.jpg 1024w, https:\/\/lingjuimg.com\/wp-content\/uploads\/tfcomposite\/2024\/10\/grating-yellow-21-150x150.jpg 150w, https:\/\/lingjuimg.com\/wp-content\/uploads\/tfcomposite\/2024\/10\/grating-yellow-21-768x768.jpg 768w, https:\/\/lingjuimg.com\/wp-content\/uploads\/tfcomposite\/2024\/10\/grating-yellow-21-12x12.jpg 12w\" sizes=\"auto, (max-width: 1080px) 100vw, 1080px\" \/><p id=\"caption-attachment-5542\" class=\"wp-caption-text\">Placa de cobertura de fibra de vidro<\/p><\/div>\n<h4>Formul\u00e1rios:<\/h4>\n<ul>\n<li><strong>Instala\u00e7\u00f5es Industriais:<\/strong> Cobertura de valas, dutos de cabos e \u00e1reas de processamento qu\u00edmico<\/li>\n<li><strong>Marinho e Costeiro:<\/strong> Adequado para docas, marinas e portos onde \u00e9 necess\u00e1ria resist\u00eancia \u00e0 corros\u00e3o<\/li>\n<li><strong>Tratamento de \u00c1gua e Efluentes:<\/strong> Resiste \u00e0 corros\u00e3o causada por \u00e1gua, produtos qu\u00edmicos e ambientes \u00famidos<\/li>\n<li><strong>\u00c1reas Comerciais:<\/strong> Use em passarelas, escadas e plataformas em shoppings e edif\u00edcios comerciais<\/li>\n<li><strong>Transporte:<\/strong> Ideal para cobrir trilhos, condu\u00edtes e cabos em esta\u00e7\u00f5es de tr\u00e2nsito e dep\u00f3sitos<\/li>\n<\/ul>\n<h4>Especifica\u00e7\u00f5es:<\/h4>\n<ul>\n<li><strong>Op\u00e7\u00f5es de espessura:<\/strong> Normalmente 5\u201350 mm, personaliz\u00e1vel com base na aplica\u00e7\u00e3o e nos requisitos de carga<\/li>\n<li><strong>Largura e comprimento:<\/strong> Dimens\u00f5es padr\u00e3o e personalizadas dispon\u00edveis para se adaptar a v\u00e1rias valas e passarelas<\/li>\n<li><strong>Classifica\u00e7\u00e3o de carga:<\/strong> Projetado para suportar cargas de pedestres e ve\u00edculos de acordo com necessidades espec\u00edficas<\/li>\n<li><strong>Op\u00e7\u00f5es de cores:<\/strong> As cores padr\u00e3o incluem cinza, amarelo, verde e cores personalizadas para a marca<\/li>\n<li><strong>Textura da superf\u00edcie:<\/strong> Superf\u00edcie antiderrapante, op\u00e7\u00f5es de acabamento padronizado ou liso dispon\u00edveis<\/li>\n<\/ul>\n<h4>Benef\u00edcios:<\/h4>\n<ul>\n<li><strong>Durabilidade:<\/strong> Alta resist\u00eancia a produtos qu\u00edmicos, sal e exposi\u00e7\u00e3o UV, garantindo longa vida \u00fatil<\/li>\n<li><strong>Leve:<\/strong> Mais f\u00e1cil de instalar, mover e manusear em compara\u00e7\u00e3o com tampas de metal ou concreto<\/li>\n<li><strong>Seguran\u00e7a:<\/strong> A superf\u00edcie antiderrapante minimiza os riscos de acidentes; as op\u00e7\u00f5es retardantes de fogo atendem aos padr\u00f5es de seguran\u00e7a<\/li>\n<li><strong>Flexibilidade est\u00e9tica:<\/strong> Dispon\u00edvel em v\u00e1rias cores, melhorando a visibilidade ou combinando com a est\u00e9tica do local<\/li>\n<li><strong>Baixa manuten\u00e7\u00e3o:<\/strong> Requer manuten\u00e7\u00e3o m\u00ednima em compara\u00e7\u00e3o com metal e madeira; n\u00e3o h\u00e1 necessidade de pintura ou selagem<\/li>\n<\/ul>\n<h4>Instala\u00e7\u00e3o:<\/h4>\n<ul>\n<li><strong>Facilidade de instala\u00e7\u00e3o:<\/strong> O design leve permite f\u00e1cil manuseio e instala\u00e7\u00e3o, reduzindo os custos de m\u00e3o de obra<\/li>\n<li><strong>Op\u00e7\u00f5es de montagem:<\/strong> Pode ser aparafusado ou preso com grampos com base na carga da aplica\u00e7\u00e3o e nos requisitos de seguran\u00e7a<\/li>\n<li><strong>Ajuste personalizado:<\/strong> Fabricado de acordo com as dimens\u00f5es especificadas para um ajuste confort\u00e1vel sobre valas ou passarelas<\/li>\n<\/ul>\n<h4>Manuten\u00e7\u00e3o:<\/h4>\n<ul>\n<li><strong>Limpeza:<\/strong> Limpeza de rotina com \u00e1gua e sab\u00e3o neutro para remover sujeira e res\u00edduos<\/li>\n<li><strong>Inspe\u00e7\u00e3o:<\/strong> Recomenda-se inspe\u00e7\u00e3o regular para verificar danos ou desgaste em \u00e1reas de tr\u00e1fego intenso<\/li>\n<li><strong>Baixa manuten\u00e7\u00e3o:<\/strong> Sem ferrugem, descascamento ou lascas, proporcionando desempenho de longo prazo com manuten\u00e7\u00e3o m\u00ednima<\/li>\n<\/ul>\n<h4>Garantia:<\/h4>\n<ul>\n<li><strong>Garantia padr\u00e3o:<\/strong> Garantia de 5 a 10 anos contra defeitos de fabrica\u00e7\u00e3o, sujeito ao uso adequado<\/li>\n<li><strong>Garantia estendida:<\/strong> Op\u00e7\u00f5es dispon\u00edveis para cobertura estendida com base nas necessidades da aplica\u00e7\u00e3o<\/li>\n<\/ul>\n<h4>Conformidade:<\/h4>\n<ul>\n<li><strong>Padr\u00f5es:<\/strong> Em conformidade com a OSHA e outros padr\u00f5es de seguran\u00e7a da ind\u00fastria<\/li>\n<li><strong>Classifica\u00e7\u00e3o de inc\u00eandio:<\/strong> Atende ou excede os padr\u00f5es de classifica\u00e7\u00e3o de inc\u00eandio de Classe 1 e Classe 2, quando necess\u00e1rio<\/li>\n<li><strong>Certifica\u00e7\u00e3o antiderrapante:<\/strong> Superf\u00edcies antiderrapantes certificadas dispon\u00edveis para \u00e1reas com requisitos de seguran\u00e7a rigorosos<\/li>\n<\/ul>","protected":false},"excerpt":{"rendered":"<p>A Placa de Cobertura de Fibra de Vidro \u00e9 uma solu\u00e7\u00e3o de alta resist\u00eancia e resistente \u00e0 corros\u00e3o, projetada para cobrir valas, pisos, passarelas e outras \u00e1reas onde a durabilidade e a seguran\u00e7a s\u00e3o cruciais. Feita de pl\u00e1stico refor\u00e7ado com fibra de vidro (FRP) de alta qualidade, ela oferece uma excelente alternativa \u00e0s coberturas tradicionais de metal ou concreto, sendo leve, n\u00e3o corrosiva e livre de manuten\u00e7\u00e3o. Essas placas de cobertura s\u00e3o adequadas para v\u00e1rios ambientes, [\u2026]<\/p>","protected":false},"author":3,"featured_media":0,"comment_status":"open","ping_status":"open","sticky":false,"template":"","format":"standard","meta":{"footnotes":""},"categories":[10,28,25],"tags":[],"class_list":["post-5540","post","type-post","status-publish","format-standard","hentry","category-main-products","category-fiberglass-cover-plate","category-fiberglass-molded-grating"],"_links":{"self":[{"href":"https:\/\/www.tfcomposite.com\/pt\/wp-json\/wp\/v2\/posts\/5540","targetHints":{"allow":["GET"]}}],"collection":[{"href":"https:\/\/www.tfcomposite.com\/pt\/wp-json\/wp\/v2\/posts"}],"about":[{"href":"https:\/\/www.tfcomposite.com\/pt\/wp-json\/wp\/v2\/types\/post"}],"author":[{"embeddable":true,"href":"https:\/\/www.tfcomposite.com\/pt\/wp-json\/wp\/v2\/users\/3"}],"replies":[{"embeddable":true,"href":"https:\/\/www.tfcomposite.com\/pt\/wp-json\/wp\/v2\/comments?post=5540"}],"version-history":[{"count":3,"href":"https:\/\/www.tfcomposite.com\/pt\/wp-json\/wp\/v2\/posts\/5540\/revisions"}],"predecessor-version":[{"id":5547,"href":"https:\/\/www.tfcomposite.com\/pt\/wp-json\/wp\/v2\/posts\/5540\/revisions\/5547"}],"wp:attachment":[{"href":"https:\/\/www.tfcomposite.com\/pt\/wp-json\/wp\/v2\/media?parent=5540"}],"wp:term":[{"taxonomy":"category","embeddable":true,"href":"https:\/\/www.tfcomposite.com\/pt\/wp-json\/wp\/v2\/categories?post=5540"},{"taxonomy":"post_tag","embeddable":true,"href":"https:\/\/www.tfcomposite.com\/pt\/wp-json\/wp\/v2\/tags?post=5540"}],"curies":[{"name":"wp","href":"https:\/\/api.w.org\/{rel}","templated":true}]}}