
{"id":6642,"date":"2025-05-08T10:27:06","date_gmt":"2025-05-08T02:27:06","guid":{"rendered":"https:\/\/www.tfcomposite.com\/?p=6642"},"modified":"2025-05-08T10:28:47","modified_gmt":"2025-05-08T02:28:47","slug":"superficie-concava-da-grade-de-fibra-de-vidro","status":"publish","type":"post","link":"https:\/\/www.tfcomposite.com\/pt\/superficie-concava-da-grade-de-fibra-de-vidro","title":{"rendered":"Superf\u00edcie c\u00f4ncava da grade de fibra de vidro"},"content":{"rendered":"<p>A grade de fibra de vidro com superf\u00edcie c\u00f4ncava \u00e9 um tipo de grade moldada em pl\u00e1stico refor\u00e7ado com fibra de vidro (PRFV) projetada para oferecer uma combina\u00e7\u00e3o de resist\u00eancia ao deslizamento, for\u00e7a estrutural e durabilidade a longo prazo. A superf\u00edcie c\u00f4ncava \u00e9 criada pelo processo natural de resfriamento e cura durante a moldagem, resultando em uma superf\u00edcie curva e levemente texturizada ao longo das barras de apoio. Esse design de superf\u00edcie oferece maior resist\u00eancia ao deslizamento em compara\u00e7\u00e3o com superf\u00edcies lisas, sendo menos abrasivo do que acabamentos \u00e1speros, o que o torna adequado tanto para uso industrial quanto para pedestres.<\/p>\n\n\n\n<h3 class=\"wp-block-heading\">Descri\u00e7\u00e3o do produto<\/h3>\n\n\n\n<p>A superf\u00edcie c\u00f4ncava da grade de fibra de vidro n\u00e3o \u00e9 um material ou revestimento adicionado, mas sim uma caracter\u00edstica inerente da grade moldada em PRFV (Pl\u00e1stico Refor\u00e7ado com Fibra de Vidro). \u00c0 medida que a resina e a fibra de vidro curam dentro do molde, a superf\u00edcie superior forma uma leve curvatura para dentro ao longo de cada barra de apoio. Esse design aumenta a \u00e1rea de contato e a tra\u00e7\u00e3o sob os p\u00e9s, especialmente em ambientes \u00famidos ou molhados.<\/p>\n\n\n\n<p>Dispon\u00edvel em v\u00e1rios padr\u00f5es de malha, como 38x38mm (1,5\u2033x1,5\u2033) ou estilos mini-malha, a grade de fibra de vidro com superf\u00edcie c\u00f4ncava \u00e9 oferecida em v\u00e1rios tipos de resina, incluindo poli\u00e9ster isoft\u00e1lico de uso geral, vinil \u00e9ster resistente a produtos qu\u00edmicos e fen\u00f3lico retardante de chamas. Os tamanhos de painel mais comuns incluem 1220x3660mm (4&#039;x12\u2032) e 1000x4000mm (1m x 4m), com op\u00e7\u00f5es de espessura que variam de 25mm a 50mm, dependendo dos requisitos de carga.<\/p>\n\n\n\n<h3 class=\"wp-block-heading\">Principais aplica\u00e7\u00f5es<\/h3>\n\n\n\n<p>As grades de fibra de vidro com superf\u00edcie c\u00f4ncava s\u00e3o utilizadas em diversos setores onde resist\u00eancia moderada ao deslizamento, resist\u00eancia \u00e0 corros\u00e3o e facilidade de manuten\u00e7\u00e3o s\u00e3o essenciais. Suas principais aplica\u00e7\u00f5es incluem:<\/p>\n\n\n\n<ul class=\"wp-block-list\">\n<li><strong>Plantas Qu\u00edmicas<\/strong>Utilizado em passarelas e plataformas onde a exposi\u00e7\u00e3o a produtos qu\u00edmicos \u00e9 frequente e a resist\u00eancia ao deslizamento \u00e9 importante.<\/li>\n\n\n\n<li><strong>Instala\u00e7\u00f5es de tratamento de \u00e1guas residuais<\/strong>Ideal para ambientes com alta umidade onde s\u00e3o necess\u00e1rias grades antiderrapantes e resistentes \u00e0 ferrugem.<\/li>\n\n\n\n<li><strong>Aplica\u00e7\u00f5es mar\u00edtimas e offshore<\/strong>Adequado para conveses de navios, cais e docas onde a exposi\u00e7\u00e3o constante \u00e0 \u00e1gua e aos respingos do mar \u00e9 inevit\u00e1vel.<\/li>\n\n\n\n<li><strong>Processamento de alimentos<\/strong>Utilizado em \u00e1reas onde s\u00e3o necess\u00e1rias limpeza e tra\u00e7\u00e3o moderadas, sem a abrasividade de superf\u00edcies com areia.<\/li>\n\n\n\n<li><strong>F\u00e1bricas de Celulose e Papel<\/strong>Implantado em \u00e1reas de produ\u00e7\u00e3o com pisos molhados e exposi\u00e7\u00e3o a produtos qu\u00edmicos.<\/li>\n\n\n\n<li><strong>Infraestrutura P\u00fablica<\/strong>Instalado em parques, pontes pedonais e escadas industriais que requerem superf\u00edcies seguras e de baixa manuten\u00e7\u00e3o.<\/li>\n<\/ul>\n\n\n\n<h3 class=\"wp-block-heading\">Vantagens<\/h3>\n\n\n\n<ul class=\"wp-block-list\">\n<li><strong>Anti-derrapante<\/strong>O perfil c\u00f4ncavo proporciona um desempenho antiderrapante confi\u00e1vel em condi\u00e7\u00f5es normais de tr\u00e1fego de pedestres, reduzindo o risco de escorreg\u00f5es em ambientes \u00famidos ou molhados.<\/li>\n\n\n\n<li><strong>Confort\u00e1vel sob os p\u00e9s<\/strong>Menos abrasivo do que superf\u00edcies granuladas, sendo mais adequado para \u00e1reas onde as pessoas podem se ajoelhar, sentar ou caminhar por longos per\u00edodos.<\/li>\n\n\n\n<li><strong>Resist\u00eancia \u00e0 corros\u00e3o<\/strong>Fabricado com materiais FRP que resistem a ataques qu\u00edmicos, \u00e1gua salgada e radia\u00e7\u00e3o UV, apresentando desempenho muito superior ao do a\u00e7o em ambientes agressivos.<\/li>\n\n\n\n<li><strong>N\u00e3o Condutivo<\/strong>Seguro para uso pr\u00f3ximo a sistemas el\u00e9tricos e em \u00e1reas de alta tens\u00e3o devido \u00e0 sua natureza n\u00e3o met\u00e1lica e n\u00e3o condutora.<\/li>\n\n\n\n<li><strong>Leve<\/strong>Mais f\u00e1ceis e baratas de manusear e instalar em compara\u00e7\u00e3o com grades met\u00e1licas, reduzindo custos de m\u00e3o de obra e transporte.<\/li>\n\n\n\n<li><strong>Longa vida \u00fatil<\/strong>Resistente a impactos, intemp\u00e9ries e corros\u00e3o, exigindo manuten\u00e7\u00e3o m\u00ednima ao longo do tempo.<\/li>\n<\/ul>\n\n\n\n<div style=\"height:100px\" aria-hidden=\"true\" class=\"wp-block-spacer\"><\/div>\n\n\n\n<h2 class=\"wp-block-heading\">Especifica\u00e7\u00f5es e par\u00e2metros t\u00e9cnicos de grades de PRFV (Pl\u00e1stico Refor\u00e7ado com Fibra de Vidro)<\/h2>\n\n\n\n<p><strong>1. Especifica\u00e7\u00f5es Gerais<\/strong><\/p>\n\n\n\n<figure class=\"wp-block-table\"><table class=\"has-fixed-layout\"><thead><tr><th>Item<\/th><th>Descri\u00e7\u00e3o<\/th><\/tr><\/thead><tbody><tr><td>Tipo de produto<\/td><td>Grelha moldada em PRFV \/ Grelha pultrudada em PRFV<\/td><\/tr><tr><td>Tamanho da malha<\/td><td>38\u00d738 mm (1,5\u2033x1,5\u2033) \/ 40\u00d740 mm \/ Personalizado<\/td><\/tr><tr><td>Espessura (Altura)<\/td><td>25 mm \/ 30 mm \/ 38 mm \/ 50 mm<\/td><\/tr><tr><td>Tamanho do painel<\/td><td>1220\u00d73660 mm \/ 1000\u00d74000 mm \/ Personalizado<\/td><\/tr><tr><td>\u00c1rea aberta<\/td><td>60% \u2013 70% (dependendo do tamanho da malha)<\/td><\/tr><tr><td>Op\u00e7\u00f5es de superf\u00edcie<\/td><td>Superf\u00edcie \u00e1spera \/ c\u00f4ncava \/ lisa \/ coberta<\/td><\/tr><tr><td>Cor<\/td><td>Cinza, Amarelo, Verde, Vermelho, Personalizado<\/td><\/tr><\/tbody><\/table><\/figure>\n\n\n\n<p><strong>2. Propriedades Mec\u00e2nicas (Valores T\u00edpicos)<\/strong><\/p>\n\n\n\n<figure class=\"wp-block-table\"><table class=\"has-fixed-layout\"><thead><tr><th>Propriedade<\/th><th>Valor<\/th><th>Padr\u00e3o de teste<\/th><\/tr><\/thead><tbody><tr><td>Resist\u00eancia \u00e0 trac\u00e7\u00e3o<\/td><td>\u2265 120 MPa (17.400 psi)<\/td><td>ASTM D638<\/td><\/tr><tr><td>Resist\u00eancia \u00e0 flex\u00e3o<\/td><td>\u2265 200 MPa (29.000 psi)<\/td><td>ASTM D790<\/td><\/tr><tr><td>M\u00f3dulo de Flex\u00e3o<\/td><td>\u2265 7.800 MPa (1,13\u00d710\u2076 psi)<\/td><td>ASTM D790<\/td><\/tr><tr><td>Resist\u00eancia \u00e0 compress\u00e3o<\/td><td>\u2265 200 MPa (29.000 psi)<\/td><td>ASTM D695<\/td><\/tr><tr><td>Resist\u00eancia ao impacto (Izod)<\/td><td>\u2265 85 J\/m<\/td><td>ASTM D256<\/td><\/tr><tr><td>Dureza Barcol<\/td><td>\u2265 40<\/td><td>ASTM D2583<\/td><\/tr><\/tbody><\/table><\/figure>\n\n\n\n<p><strong>3. Propriedades F\u00edsicas e Qu\u00edmicas<\/strong><\/p>\n\n\n\n<figure class=\"wp-block-table\"><table class=\"has-fixed-layout\"><thead><tr><th>Propriedade<\/th><th>Valor<\/th><th>Padr\u00e3o de teste<\/th><\/tr><\/thead><tbody><tr><td>Densidade<\/td><td>~1,8\u20132,0 g\/cm\u00b3<\/td><td>ASTM D792<\/td><\/tr><tr><td>Absor\u00e7\u00e3o de \u00e1gua<\/td><td>&lt; 0,5%<\/td><td>ASTM D570<\/td><\/tr><tr><td>Retardante de chamas<\/td><td>\u2264 25 (Classe 1)<\/td><td>ASTM E84<\/td><\/tr><tr><td>Resist\u00eancia UV<\/td><td>Dispon\u00edvel com inibidor de UV<\/td><td>&#8211;<\/td><\/tr><tr><td>Condutividade el\u00e9trica<\/td><td>N\u00e3o Condutivo<\/td><td>&#8211;<\/td><\/tr><tr><td>Condutividade t\u00e9rmica<\/td><td>~0,25 W\/m\u00b7K<\/td><td>ASTM C177<\/td><\/tr><tr><td>Faixa de temperatura operacional<\/td><td>-50\u00b0C a +120\u00b0C (varia conforme a resina)<\/td><td>&#8211;<\/td><\/tr><\/tbody><\/table><\/figure>\n\n\n\n<p><strong>4. Sistemas de resina dispon\u00edveis<\/strong><\/p>\n\n\n\n<figure class=\"wp-block-table\"><table class=\"has-fixed-layout\"><thead><tr><th>Tipo de resina<\/th><th>Caracter\u00edsticas<\/th><th>\u00c1reas de aplica\u00e7\u00e3o<\/th><\/tr><\/thead><tbody><tr><td><strong>Ortoft\u00e1lico<\/strong><\/td><td>Uso geral, custo-benef\u00edcio<\/td><td>Ind\u00fastria em geral, pisos<\/td><\/tr><tr><td><strong>Isoft\u00e1lico<\/strong><\/td><td>Melhor resist\u00eancia qu\u00edmica<\/td><td>\u00c1guas residuais, processamento de alimentos<\/td><\/tr><tr><td><strong>\u00c9ster vin\u00edlico<\/strong><\/td><td>Excelente resist\u00eancia qu\u00edmica e \u00e0 corros\u00e3o<\/td><td>F\u00e1bricas de produtos qu\u00edmicos, plataformas mar\u00edtimas, minera\u00e7\u00e3o<\/td><\/tr><tr><td><strong>fen\u00f3lico<\/strong><\/td><td>Resist\u00eancia ao fogo e \u00e0 fuma\u00e7a<\/td><td>Petr\u00f3leo e g\u00e1s, transporte, mar\u00edtimo<\/td><\/tr><\/tbody><\/table><\/figure>\n\n\n\n<p><strong>5. Tabela de Carga (Exemplo para Grelha de 38mm de Espessura)<\/strong><\/p>\n\n\n\n<figure class=\"wp-block-table\"><table class=\"has-fixed-layout\"><thead><tr><th>V\u00e3o (mm)<\/th><th>Carga (kN\/m\u00b2)<\/th><th>Deflex\u00e3o (mm)<\/th><\/tr><\/thead><tbody><tr><td>600<\/td><td>5.0<\/td><td>4.5<\/td><\/tr><tr><td>800<\/td><td>3.5<\/td><td>5.9<\/td><\/tr><tr><td>1000<\/td><td>2.0<\/td><td>7.6<\/td><\/tr><\/tbody><\/table><\/figure>\n\n\n\n<div style=\"height:100px\" aria-hidden=\"true\" class=\"wp-block-spacer\"><\/div>\n\n\n\n<h2 class=\"wp-block-heading\">Por que nos escolher?<\/h2>\n\n\n\n<div class=\"wp-block-columns is-layout-flex wp-container-core-columns-is-layout-9d6595d7 wp-block-columns-is-layout-flex\">\n<div class=\"wp-block-column is-layout-flow wp-block-column-is-layout-flow\">\n<p><strong>Especializa\u00e7\u00e3o na fabrica\u00e7\u00e3o de grades de PRFV (Pl\u00e1stico Refor\u00e7ado com Fibra de Vidro)<\/strong><\/p>\n\n\n\n<p>Com mais de 20 anos de experi\u00eancia, nossa f\u00e1brica se especializa exclusivamente no projeto, desenvolvimento e produ\u00e7\u00e3o de grades de PRFV (Pl\u00e1stico Refor\u00e7ado com Fibra de Vidro) de alto desempenho. Nosso profundo conhecimento do setor garante que cada produto atenda aos mais exigentes padr\u00f5es industriais.<\/p>\n<\/div>\n\n\n\n<div class=\"wp-block-column is-layout-flow wp-block-column-is-layout-flow\">\n<p><strong>Tecnologia e equipamentos avan\u00e7ados<\/strong><\/p>\n\n\n\n<p>Utilizamos equipamentos de fabrica\u00e7\u00e3o de \u00faltima gera\u00e7\u00e3o e tecnologia de moldagem de precis\u00e3o para produzir grades com resist\u00eancia superior, resist\u00eancia \u00e0 corros\u00e3o e precis\u00e3o dimensional. Nosso compromisso com a inova\u00e7\u00e3o significa que seu projeto se beneficia dos mais recentes avan\u00e7os na tecnologia de PRFV (Pl\u00e1stico Refor\u00e7ado com Fibra de Vidro).<\/p>\n<\/div>\n\n\n\n<div class=\"wp-block-column is-layout-flow wp-block-column-is-layout-flow\">\n<p><strong>Solu\u00e7\u00f5es personalizadas<\/strong><\/p>\n\n\n\n<p>Desde o tamanho dos pain\u00e9is e tipos de resina at\u00e9 os acabamentos de superf\u00edcie e cores, oferecemos personaliza\u00e7\u00e3o completa para atender \u00e0s suas necessidades espec\u00edficas de aplica\u00e7\u00e3o \u2014 sejam pisos industriais, degraus de escada, tampas de valas ou plataformas mar\u00edtimas.<\/p>\n<\/div>\n<\/div>\n\n\n\n<div class=\"wp-block-columns is-layout-flex wp-container-core-columns-is-layout-9d6595d7 wp-block-columns-is-layout-flex\">\n<div class=\"wp-block-column is-layout-flow wp-block-column-is-layout-flow\">\n<p><strong>Controle de qualidade rigoroso<\/strong><\/p>\n\n\n\n<p>Cada produto passa por um rigoroso processo de inspe\u00e7\u00e3o de qualidade, incluindo testes de carga, verifica\u00e7\u00e3o de resist\u00eancia \u00e0 chama e an\u00e1lise de resist\u00eancia \u00e0 corros\u00e3o. Nosso sistema de gest\u00e3o da qualidade com certifica\u00e7\u00e3o ISO garante excel\u00eancia consistente em cada lote.<\/p>\n<\/div>\n\n\n\n<div class=\"wp-block-column is-layout-flow wp-block-column-is-layout-flow\">\n<p><strong>Pre\u00e7os competitivos<\/strong><\/p>\n\n\n\n<p>Oferecemos pre\u00e7os direto da f\u00e1brica sem comprometer a qualidade. Com processos de produ\u00e7\u00e3o otimizados e capacidade de fabrica\u00e7\u00e3o em larga escala, ajudamos nossos clientes a obter economia de custos em grande escala.<\/p>\n<\/div>\n\n\n\n<div class=\"wp-block-column is-layout-flow wp-block-column-is-layout-flow\">\n<p><strong>Entrega confi\u00e1vel e alcance global<\/strong><\/p>\n\n\n\n<p>Mantemos um amplo estoque de produtos padr\u00e3o e operamos um sistema log\u00edstico otimizado, garantindo prazos de entrega r\u00e1pidos em \u00e2mbito nacional e internacional. Atendemos com sucesso clientes em mais de 15 pa\u00edses.<\/p>\n<\/div>\n<\/div>\n\n\n\n<div style=\"height:100px\" aria-hidden=\"true\" class=\"wp-block-spacer\"><\/div>\n\n\n\n<h2 class=\"wp-block-heading\">Produtos mais vendidos<\/h2>\n\n\n\n<div class=\"wp-block-columns is-layout-flex wp-container-core-columns-is-layout-9d6595d7 wp-block-columns-is-layout-flex\">\n<div class=\"wp-block-column is-layout-flow wp-block-column-is-layout-flow\">\n<figure class=\"wp-block-image size-full\"><img loading=\"lazy\" decoding=\"async\" width=\"600\" height=\"600\" src=\"https:\/\/lingjuimg.com\/wp-content\/uploads\/tfcomposite\/2025\/04\/main_product_1.webp\" alt=\"f\u00e1brica atacadista\" class=\"wp-image-6566\" title=\"\" srcset=\"https:\/\/lingjuimg.com\/wp-content\/uploads\/tfcomposite\/2025\/04\/main_product_1.webp 600w, https:\/\/lingjuimg.com\/wp-content\/uploads\/tfcomposite\/2025\/04\/main_product_1-300x300.webp 300w, https:\/\/lingjuimg.com\/wp-content\/uploads\/tfcomposite\/2025\/04\/main_product_1-150x150.webp 150w, https:\/\/lingjuimg.com\/wp-content\/uploads\/tfcomposite\/2025\/04\/main_product_1-12x12.webp 12w\" sizes=\"auto, (max-width: 600px) 100vw, 600px\" \/><\/figure>\n<\/div>\n\n\n\n<div class=\"wp-block-column is-layout-flow wp-block-column-is-layout-flow\">\n<figure class=\"wp-block-image size-large\"><img decoding=\"async\" src=\"https:\/\/lingjuimg.com\/wp-content\/uploads\/tfcomposite\/2025\/04\/zhutu.webp\" alt=\"f\u00e1brica atacadista\" title=\"\"><\/figure>\n<\/div>\n\n\n\n<div class=\"wp-block-column is-layout-flow wp-block-column-is-layout-flow\">\n<figure class=\"wp-block-image size-full\"><img loading=\"lazy\" decoding=\"async\" width=\"600\" height=\"600\" src=\"https:\/\/lingjuimg.com\/wp-content\/uploads\/tfcomposite\/2025\/05\/03600.webp\" alt=\"f\u00e1brica atacadista\" class=\"wp-image-6632\" title=\"\" srcset=\"https:\/\/lingjuimg.com\/wp-content\/uploads\/tfcomposite\/2025\/05\/03600.webp 600w, https:\/\/lingjuimg.com\/wp-content\/uploads\/tfcomposite\/2025\/05\/03600-300x300.webp 300w, https:\/\/lingjuimg.com\/wp-content\/uploads\/tfcomposite\/2025\/05\/03600-150x150.webp 150w, https:\/\/lingjuimg.com\/wp-content\/uploads\/tfcomposite\/2025\/05\/03600-12x12.webp 12w\" sizes=\"auto, (max-width: 600px) 100vw, 600px\" \/><figcaption class=\"wp-element-caption\">grade de fibra de vidro<\/figcaption><\/figure>\n<\/div>\n<\/div>\n\n\n\n<div class=\"wp-block-columns is-layout-flex wp-container-core-columns-is-layout-9d6595d7 wp-block-columns-is-layout-flex\">\n<div class=\"wp-block-column is-layout-flow wp-block-column-is-layout-flow\" style=\"flex-basis:66.66%\">\n<figure class=\"wp-block-table\"><table class=\"has-fixed-layout\"><tbody><tr><td>Tamanhos padr\u00e3o de pain\u00e9is<\/td><td>1220 mm \u00d7 3660 mm (4 p\u00e9s \u00d7 12 p\u00e9s)<br>1220 mm \u00d7 4000 mm (4 p\u00e9s \u00d7 13,1 p\u00e9s)<br>915 mm \u00d7 3050 mm (3 p\u00e9s \u00d7 10 p\u00e9s)<br>1000 mm \u00d7 3000 mm (personaliz\u00e1vel)<br>(<em>Outros tamanhos podem ser personalizados de acordo com as necessidades do projeto.<\/em>)<br><\/td><\/tr><tr><td>Op\u00e7\u00f5es de espessura<\/td><td>25 mm (1 polegada)<br>30 mm (1,2 polegadas)<br>38 mm (1,5 polegadas) \u2014 o mais comum<br>50 mm (2 polegadas)<\/td><\/tr><tr><td>Tamanho da malha (tamanho da abertura)<\/td><td>38 mm \u00d7 38 mm (1,5 polegadas \u00d7 1,5 polegadas) \u2014 Padr\u00e3o<br>40 mm \u00d7 40 mm<br>19 mm \u00d7 19 mm (mini-malha para impedir a passagem de pequenos objetos)<\/td><\/tr><tr><td>Largura e espa\u00e7amento da barra de carga<br> (para grades pultrudadas)<\/td><td>Largura da barra de carga: normalmente 25 mm, 38 mm, 50 mm<br>Espa\u00e7amento das barras de carga: 25 mm, 40 mm, 50 mm de centro a centro<\/td><\/tr><tr><td>Op\u00e7\u00f5es de superf\u00edcie<\/td><td>Superf\u00edcie \u00e1spera (antiderrapante)<br>Superf\u00edcie lisa<br>Superf\u00edcie coberta (tampo s\u00f3lido)<\/td><\/tr><tr><td>Cores dispon\u00edveis<\/td><td>Amarelo (mais comum)<br>Verde<br>Cinza<br>Vermelho<br>Cores personalizadas sob encomenda<\/td><\/tr><tr><td>Tipos comuns de resina<\/td><td>Poli\u00e9ster Isoft\u00e1lico (resist\u00eancia \u00e0 corros\u00e3o padr\u00e3o)<br>\u00c9ster vin\u00edlico (alta resist\u00eancia qu\u00edmica)<br>Fen\u00f3lico (aplica\u00e7\u00f5es resistentes ao fogo)<\/td><\/tr><\/tbody><\/table><\/figure>\n<\/div>\n\n\n\n<div class=\"wp-block-column is-layout-flow wp-block-column-is-layout-flow\" style=\"flex-basis:33.33%\">\n<h2 class=\"wp-block-heading\">Sobre a f\u00e1brica<\/h2>\n\n\n\n<p><strong>Anhui Tianfu New Material Co., Ltd<\/strong> \u00e9 um fabricante profissional l\u00edder especializado em <strong>Grelha moldada em PRFV<\/strong> Com mais de 20 anos de experi\u00eancia na ind\u00fastria de materiais comp\u00f3sitos, dedicamo-nos a fornecer solu\u00e7\u00f5es de alta qualidade em pl\u00e1stico refor\u00e7ado com fibra de vidro (PRFV) para uma ampla gama de aplica\u00e7\u00f5es industriais e comerciais. Nossa moderna f\u00e1brica est\u00e1 equipada com linhas de produ\u00e7\u00e3o avan\u00e7adas, abrangendo uma \u00e1rea de mais de 26.000 metros quadrados. Oferecemos uma linha completa de grades moldadas em PRFV com resist\u00eancia superior, resist\u00eancia qu\u00edmica, retardamento de chamas e propriedades antiderrapantes. Na Tianfu New Material, priorizamos a inova\u00e7\u00e3o, o rigoroso controle de qualidade e a satisfa\u00e7\u00e3o do cliente. Nossos produtos s\u00e3o certificados segundo normas internacionais e exportados para mais de 30 pa\u00edses em todo o mundo, atendendo a setores como plantas qu\u00edmicas, esta\u00e7\u00f5es de tratamento de esgoto, plataformas offshore e passarelas. Seja qual for a sua necessidade, tamanhos padr\u00e3o ou solu\u00e7\u00f5es personalizadas, a Tianfu \u00e9 sua parceira confi\u00e1vel em grades moldadas em PRFV.<\/p>\n<\/div>\n<\/div>\n\n\n\n<div class=\"wp-block-columns is-layout-flex wp-container-core-columns-is-layout-9d6595d7 wp-block-columns-is-layout-flex\">\n<div class=\"wp-block-column is-layout-flow wp-block-column-is-layout-flow\">\n<div style=\"height:100px\" aria-hidden=\"true\" class=\"wp-block-spacer\"><\/div>\n<\/div>\n<\/div>\n\n\n\n<h2 class=\"wp-block-heading\">Cen\u00e1rios de Aplica\u00e7\u00e3o<\/h2>\n\n\n\n<div class=\"wp-block-columns is-layout-flex wp-container-core-columns-is-layout-9d6595d7 wp-block-columns-is-layout-flex\">\n<div class=\"wp-block-column is-layout-flow wp-block-column-is-layout-flow\">\n<div class=\"wp-block-columns is-layout-flex wp-container-core-columns-is-layout-9d6595d7 wp-block-columns-is-layout-flex\">\n<div class=\"wp-block-column is-layout-flow wp-block-column-is-layout-flow\">\n<figure class=\"wp-block-image size-large\"><img decoding=\"async\" src=\"https:\/\/lingjuimg.com\/wp-content\/uploads\/tfcomposite\/2025\/04\/app1.webp\" alt=\"f\u00e1brica atacadista\" title=\"\"><\/figure>\n<\/div>\n\n\n\n<div class=\"wp-block-column is-layout-flow wp-block-column-is-layout-flow\">\n<figure class=\"wp-block-image size-large\"><img decoding=\"async\" src=\"https:\/\/lingjuimg.com\/wp-content\/uploads\/tfcomposite\/2025\/04\/app2.webp\" alt=\"f\u00e1brica atacadista\" title=\"\"><\/figure>\n<\/div>\n<\/div>\n<\/div>\n\n\n\n<div class=\"wp-block-column is-layout-flow wp-block-column-is-layout-flow\">\n<div class=\"wp-block-columns is-layout-flex wp-container-core-columns-is-layout-9d6595d7 wp-block-columns-is-layout-flex\">\n<div class=\"wp-block-column is-layout-flow wp-block-column-is-layout-flow\">\n<figure class=\"wp-block-image size-large\"><img decoding=\"async\" src=\"https:\/\/lingjuimg.com\/wp-content\/uploads\/tfcomposite\/2025\/04\/app3.webp\" alt=\"f\u00e1brica atacadista\" title=\"\"><\/figure>\n<\/div>\n\n\n\n<div class=\"wp-block-column is-layout-flow wp-block-column-is-layout-flow\">\n<figure class=\"wp-block-image size-large\"><img decoding=\"async\" src=\"https:\/\/lingjuimg.com\/wp-content\/uploads\/tfcomposite\/2025\/04\/app4.webp\" alt=\"f\u00e1brica atacadista\" title=\"\"><\/figure>\n<\/div>\n<\/div>\n<\/div>\n<\/div>\n\n\n\n<div class=\"wp-block-columns is-layout-flex wp-container-core-columns-is-layout-9d6595d7 wp-block-columns-is-layout-flex\">\n<div class=\"wp-block-column is-layout-flow wp-block-column-is-layout-flow\">\n<div class=\"wp-block-columns is-layout-flex wp-container-core-columns-is-layout-9d6595d7 wp-block-columns-is-layout-flex\">\n<div class=\"wp-block-column is-layout-flow wp-block-column-is-layout-flow\">\n<figure class=\"wp-block-image size-large\"><img decoding=\"async\" src=\"https:\/\/lingjuimg.com\/wp-content\/uploads\/tfcomposite\/2025\/04\/app5.webp\" alt=\"f\u00e1brica atacadista\" title=\"\"><\/figure>\n<\/div>\n\n\n\n<div class=\"wp-block-column is-layout-flow wp-block-column-is-layout-flow\">\n<figure class=\"wp-block-image size-large\"><img decoding=\"async\" src=\"https:\/\/lingjuimg.com\/wp-content\/uploads\/tfcomposite\/2025\/04\/app6.webp\" alt=\"f\u00e1brica atacadista\" title=\"\"><\/figure>\n<\/div>\n<\/div>\n<\/div>\n\n\n\n<div class=\"wp-block-column is-layout-flow wp-block-column-is-layout-flow\">\n<div class=\"wp-block-columns is-layout-flex wp-container-core-columns-is-layout-9d6595d7 wp-block-columns-is-layout-flex\">\n<div class=\"wp-block-column is-layout-flow wp-block-column-is-layout-flow\">\n<figure class=\"wp-block-image size-large\"><img decoding=\"async\" src=\"https:\/\/lingjuimg.com\/wp-content\/uploads\/tfcomposite\/2025\/04\/app7.webp\" alt=\"f\u00e1brica atacadista\" title=\"\"><\/figure>\n<\/div>\n\n\n\n<div class=\"wp-block-column is-layout-flow wp-block-column-is-layout-flow\">\n<figure class=\"wp-block-image size-large\"><img decoding=\"async\" src=\"https:\/\/lingjuimg.com\/wp-content\/uploads\/tfcomposite\/2025\/04\/app8.webp\" alt=\"f\u00e1brica atacadista\" title=\"\"><\/figure>\n<\/div>\n<\/div>\n<\/div>\n<\/div>\n\n\n\n<div style=\"height:100px\" aria-hidden=\"true\" class=\"wp-block-spacer\"><\/div>\n\n\n\n<h2 class=\"wp-block-heading\">Sobre a f\u00e1brica<\/h2>\n\n\n\n<div class=\"wp-block-columns is-layout-flex wp-container-core-columns-is-layout-9d6595d7 wp-block-columns-is-layout-flex\">\n<div class=\"wp-block-column is-layout-flow wp-block-column-is-layout-flow\">\n<figure class=\"wp-block-image size-full\"><img loading=\"lazy\" decoding=\"async\" width=\"600\" height=\"400\" src=\"https:\/\/lingjuimg.com\/wp-content\/uploads\/tfcomposite\/2025\/04\/fengmain.webp\" alt=\"f\u00e1brica atacadista\" class=\"wp-image-6547\" title=\"\" srcset=\"https:\/\/lingjuimg.com\/wp-content\/uploads\/tfcomposite\/2025\/04\/fengmain.webp 600w, https:\/\/lingjuimg.com\/wp-content\/uploads\/tfcomposite\/2025\/04\/fengmain-300x200.webp 300w, https:\/\/lingjuimg.com\/wp-content\/uploads\/tfcomposite\/2025\/04\/fengmain-18x12.webp 18w\" sizes=\"auto, (max-width: 600px) 100vw, 600px\" \/><\/figure>\n\n\n\n<p>Somos um fabricante profissional de grades de PRFV (Pl\u00e1stico Refor\u00e7ado com Fibra de Vidro) com mais de 20 anos de experi\u00eancia. Nossa f\u00e1brica de 26.000 m\u00b2 possui certifica\u00e7\u00e3o ISO 9001 e atende clientes em mais de 30 pa\u00edses, com capacidade de fabrica\u00e7\u00e3o OEM\/ODM. Oferecemos solu\u00e7\u00f5es personalizadas e entrega r\u00e1pida em todo o mundo.<\/p>\n<\/div>\n\n\n\n<div class=\"wp-block-column is-layout-flow wp-block-column-is-layout-flow\">\n<figure class=\"wp-block-image size-full\"><img loading=\"lazy\" decoding=\"async\" width=\"900\" height=\"600\" src=\"https:\/\/lingjuimg.com\/wp-content\/uploads\/tfcomposite\/2025\/04\/warehouse.jpg\" alt=\"f\u00e1brica atacadista\" class=\"wp-image-6463\" title=\"\" srcset=\"https:\/\/lingjuimg.com\/wp-content\/uploads\/tfcomposite\/2025\/04\/warehouse.jpg 900w, https:\/\/lingjuimg.com\/wp-content\/uploads\/tfcomposite\/2025\/04\/warehouse-300x200.jpg 300w, https:\/\/lingjuimg.com\/wp-content\/uploads\/tfcomposite\/2025\/04\/warehouse-768x512.jpg 768w, https:\/\/lingjuimg.com\/wp-content\/uploads\/tfcomposite\/2025\/04\/warehouse-18x12.jpg 18w\" sizes=\"auto, (max-width: 900px) 100vw, 900px\" \/><\/figure>\n\n\n\n<p>Nossas grades de PRFV s\u00e3o fabricadas de acordo com as normas ISO 9001 e testadas segundo as normas ASTM E84 (classifica\u00e7\u00e3o de resist\u00eancia ao fogo Classe 1), ASTM D638\/D790 para desempenho mec\u00e2nico, e est\u00e3o em conformidade com as normas BS 476 e EN 13706. Testes de terceiros est\u00e3o dispon\u00edveis atrav\u00e9s da SGS e da T\u00dcV mediante solicita\u00e7\u00e3o.<\/p>\n<\/div>\n<\/div>\n\n\n\n<div style=\"height:100px\" aria-hidden=\"true\" class=\"wp-block-spacer\"><\/div>\n\n\n\n<h2 class=\"wp-block-heading\">Exibi\u00e7\u00e3o<\/h2>\n\n\n\n<div class=\"wp-block-columns is-layout-flex wp-container-core-columns-is-layout-9d6595d7 wp-block-columns-is-layout-flex\">\n<div class=\"wp-block-column is-layout-flow wp-block-column-is-layout-flow\">\n<div class=\"wp-block-columns is-layout-flex wp-container-core-columns-is-layout-9d6595d7 wp-block-columns-is-layout-flex\">\n<div class=\"wp-block-column is-layout-flow wp-block-column-is-layout-flow\">\n<figure class=\"wp-block-image size-large\"><img decoding=\"async\" src=\"https:\/\/lingjuimg.com\/wp-content\/uploads\/tfcomposite\/2025\/04\/CAMX3.webp\" alt=\"f\u00e1brica atacadista\" title=\"\"><\/figure>\n\n\n\n<p>JEC WORLD 2023<\/p>\n<\/div>\n\n\n\n<div class=\"wp-block-column is-layout-flow wp-block-column-is-layout-flow\">\n<figure class=\"wp-block-image size-large\"><img decoding=\"async\" src=\"https:\/\/lingjuimg.com\/wp-content\/uploads\/tfcomposite\/2025\/04\/JEC.webp\" alt=\"f\u00e1brica atacadista\" title=\"\"><\/figure>\n\n\n\n<p>MUNDO JEC 2024<\/p>\n<\/div>\n<\/div>\n<\/div>\n\n\n\n<div class=\"wp-block-column is-layout-flow wp-block-column-is-layout-flow\">\n<div class=\"wp-block-columns is-layout-flex wp-container-core-columns-is-layout-9d6595d7 wp-block-columns-is-layout-flex\">\n<div class=\"wp-block-column is-layout-flow wp-block-column-is-layout-flow\">\n<figure class=\"wp-block-image size-large\"><img decoding=\"async\" src=\"https:\/\/lingjuimg.com\/wp-content\/uploads\/tfcomposite\/2025\/04\/CAMX2.webp\" alt=\"f\u00e1brica atacadista\" title=\"\"><\/figure>\n\n\n\n<p>CAMX 2025<\/p>\n<\/div>\n\n\n\n<div class=\"wp-block-column is-layout-flow wp-block-column-is-layout-flow\">\n<figure class=\"wp-block-image size-large\"><img decoding=\"async\" src=\"https:\/\/lingjuimg.com\/wp-content\/uploads\/tfcomposite\/2025\/04\/SHANGHAI.webp\" alt=\"f\u00e1brica atacadista\" title=\"\"><\/figure>\n\n\n\n<p>XANGAI 2025<\/p>\n<\/div>\n<\/div>\n<\/div>\n<\/div>\n\n\n\n<div style=\"height:100px\" aria-hidden=\"true\" class=\"wp-block-spacer\"><\/div>\n\n\n\n<h2 class=\"wp-block-heading\">Certificado<\/h2>\n\n\n\n<div class=\"wp-block-columns is-layout-flex wp-container-core-columns-is-layout-9d6595d7 wp-block-columns-is-layout-flex\">\n<div class=\"wp-block-column is-layout-flow wp-block-column-is-layout-flow\">\n<div class=\"wp-block-columns is-layout-flex wp-container-core-columns-is-layout-9d6595d7 wp-block-columns-is-layout-flex\">\n<div class=\"wp-block-column is-layout-flow wp-block-column-is-layout-flow\">\n<figure class=\"wp-block-image size-large\"><img decoding=\"async\" src=\"https:\/\/lingjuimg.com\/wp-content\/uploads\/tfcomposite\/2025\/04\/dnv.webp\" alt=\"f\u00e1brica atacadista\" title=\"\"><\/figure>\n<\/div>\n\n\n\n<div class=\"wp-block-column is-layout-flow wp-block-column-is-layout-flow\">\n<figure class=\"wp-block-image size-large\"><img decoding=\"async\" src=\"https:\/\/lingjuimg.com\/wp-content\/uploads\/tfcomposite\/2025\/04\/abs.webp\" alt=\"f\u00e1brica atacadista\" title=\"\"><\/figure>\n<\/div>\n<\/div>\n<\/div>\n\n\n\n<div class=\"wp-block-column is-layout-flow wp-block-column-is-layout-flow\">\n<div class=\"wp-block-columns is-layout-flex wp-container-core-columns-is-layout-9d6595d7 wp-block-columns-is-layout-flex\">\n<div class=\"wp-block-column is-layout-flow wp-block-column-is-layout-flow\">\n<figure class=\"wp-block-image size-large\"><img decoding=\"async\" src=\"https:\/\/lingjuimg.com\/wp-content\/uploads\/tfcomposite\/2025\/04\/sgs.webp\" alt=\"f\u00e1brica atacadista\" title=\"\"><\/figure>\n<\/div>\n\n\n\n<div class=\"wp-block-column is-layout-flow wp-block-column-is-layout-flow\">\n<figure class=\"wp-block-image size-large\"><img decoding=\"async\" src=\"https:\/\/lingjuimg.com\/wp-content\/uploads\/tfcomposite\/2025\/04\/quality.webp\" alt=\"f\u00e1brica atacadista\" title=\"\"><\/figure>\n<\/div>\n<\/div>\n<\/div>\n<\/div>\n\n\n\n<div style=\"height:100px\" aria-hidden=\"true\" class=\"wp-block-spacer\"><\/div>\n\n\n\n<h2 class=\"wp-block-heading\">Grelha moldada em PRFV TDS <\/h2>\n\n\n<div class=\"wp-block-image\">\n<figure class=\"aligncenter size-large\"><img loading=\"lazy\" decoding=\"async\" width=\"724\" height=\"1024\" src=\"https:\/\/lingjuimg.com\/wp-content\/uploads\/tfcomposite\/2025\/05\/1-724x1024.webp\" alt=\"f\u00e1brica atacadista\" class=\"wp-image-6583\" title=\"\" srcset=\"https:\/\/lingjuimg.com\/wp-content\/uploads\/tfcomposite\/2025\/05\/1-724x1024.webp 724w, https:\/\/lingjuimg.com\/wp-content\/uploads\/tfcomposite\/2025\/05\/1-212x300.webp 212w, https:\/\/lingjuimg.com\/wp-content\/uploads\/tfcomposite\/2025\/05\/1-768x1086.webp 768w, https:\/\/lingjuimg.com\/wp-content\/uploads\/tfcomposite\/2025\/05\/1-1086x1536.webp 1086w, https:\/\/lingjuimg.com\/wp-content\/uploads\/tfcomposite\/2025\/05\/1-1448x2048.webp 1448w, https:\/\/lingjuimg.com\/wp-content\/uploads\/tfcomposite\/2025\/05\/1-8x12.webp 8w, https:\/\/lingjuimg.com\/wp-content\/uploads\/tfcomposite\/2025\/05\/1-scaled.webp 1810w\" sizes=\"auto, (max-width: 724px) 100vw, 724px\" \/><\/figure>\n<\/div>\n\n\n<div class=\"wp-block-buttons is-content-justification-center is-layout-flex wp-container-core-buttons-is-layout-16018d1d wp-block-buttons-is-layout-flex\">\n<div class=\"wp-block-button\"><a class=\"wp-block-button__link wp-element-button\" href=\"https:\/\/lingjuimg.com\/wp-content\/uploads\/tfcomposite\/2025\/04\/FRP-Grating.pdf\" target=\"_blank\" rel=\"noopener\">BAIXAR TDS DE GRADE DE PRFV<\/a><\/div>\n<\/div>\n\n\n\n<div style=\"height:100px\" aria-hidden=\"true\" class=\"wp-block-spacer\"><\/div>\n\n\n\n<h2 class=\"wp-block-heading\">Outros produtos<\/h2>\n\n\n\n<div class=\"wp-block-columns is-layout-flex wp-container-core-columns-is-layout-9d6595d7 wp-block-columns-is-layout-flex\">\n<div class=\"wp-block-column is-layout-flow wp-block-column-is-layout-flow\">\n<div class=\"wp-block-columns is-layout-flex wp-container-core-columns-is-layout-9d6595d7 wp-block-columns-is-layout-flex\">\n<div class=\"wp-block-column is-layout-flow wp-block-column-is-layout-flow\">\n<figure class=\"wp-block-image size-large\"><a href=\"https:\/\/www.tfcomposite.com\/pt\/categoria\/produtos\/principais-produtos\/perfis-pultrudados-de-fibra-de-vidro\/\"><img decoding=\"async\" src=\"https:\/\/lingjuimg.com\/wp-content\/uploads\/tfcomposite\/2025\/04\/frp-c.webp\" alt=\"f\u00e1brica atacadista\" title=\"\"><\/a><\/figure>\n\n\n\n<p>Perfis pultrudados FRP<\/p>\n<\/div>\n\n\n\n<div class=\"wp-block-column is-layout-flow wp-block-column-is-layout-flow\">\n<figure class=\"wp-block-image size-large\"><a href=\"https:\/\/www.tfcomposite.com\/pt\/categoria\/produtos\/principais-produtos\/grade-pultrudada-de-fibra-de-vidro\/\"><img decoding=\"async\" src=\"https:\/\/lingjuimg.com\/wp-content\/uploads\/tfcomposite\/2025\/04\/FRP-Pultruded-Panel.webp\" alt=\"f\u00e1brica atacadista\" title=\"\"><\/a><\/figure>\n\n\n\n<p>Grelha pultrudada de PRFV<\/p>\n<\/div>\n<\/div>\n<\/div>\n\n\n\n<div class=\"wp-block-column is-layout-flow wp-block-column-is-layout-flow\">\n<div class=\"wp-block-columns is-layout-flex wp-container-core-columns-is-layout-9d6595d7 wp-block-columns-is-layout-flex\">\n<div class=\"wp-block-column is-layout-flow wp-block-column-is-layout-flow\">\n<figure class=\"wp-block-image size-large\"><a href=\"https:\/\/www.tfcomposite.com\/pt\/categoria\/produtos\/principais-produtos\/sistema-de-corrimao-de-fibra-de-vidro\/\"><img decoding=\"async\" src=\"https:\/\/lingjuimg.com\/wp-content\/uploads\/tfcomposite\/2025\/04\/stair_trends.webp\" alt=\"f\u00e1brica atacadista\" title=\"\"><\/a><\/figure>\n\n\n\n<p>Sistema de corrim\u00e3o em PRFV (Pl\u00e1stico Refor\u00e7ado com Fibra de Vidro)<\/p>\n<\/div>\n\n\n\n<div class=\"wp-block-column is-layout-flow wp-block-column-is-layout-flow\">\n<figure class=\"wp-block-image size-large\"><a href=\"https:\/\/www.tfcomposite.com\/pt\/categoria\/produtos\/principais-produtos\/grade-moldada-em-fibra-de-vidro\/pagina\/3\/\"><img decoding=\"async\" src=\"https:\/\/lingjuimg.com\/wp-content\/uploads\/tfcomposite\/2025\/04\/landing_clips.webp\" alt=\"f\u00e1brica atacadista\" title=\"\"><\/a><\/figure>\n\n\n\n<p>Clips para grades de PRFV<\/p>\n<\/div>\n<\/div>\n<\/div>\n<\/div>\n\n\n\n<h2 class=\"wp-block-heading\">Tour virtual pela f\u00e1brica<\/h2>\n\n\n\n<figure class=\"wp-block-image size-full\"><a href=\"https:\/\/world-port.made-in-china.com\/viewVR?comId=NOCaJPyoZUDm\" target=\"_blank\" rel=\"noopener\"><img loading=\"lazy\" decoding=\"async\" width=\"600\" height=\"400\" src=\"https:\/\/lingjuimg.com\/wp-content\/uploads\/tfcomposite\/2025\/04\/vr2.webp\" alt=\"f\u00e1brica atacadista\" class=\"wp-image-6573\" title=\"\" srcset=\"https:\/\/lingjuimg.com\/wp-content\/uploads\/tfcomposite\/2025\/04\/vr2.webp 600w, https:\/\/lingjuimg.com\/wp-content\/uploads\/tfcomposite\/2025\/04\/vr2-300x200.webp 300w, https:\/\/lingjuimg.com\/wp-content\/uploads\/tfcomposite\/2025\/04\/vr2-18x12.webp 18w\" sizes=\"auto, (max-width: 600px) 100vw, 600px\" \/><\/a><\/figure>\n\n\n\n<p><\/p>","protected":false},"excerpt":{"rendered":"<p>A grade de fibra de vidro com superf\u00edcie c\u00f4ncava \u00e9 um tipo de grade moldada em pl\u00e1stico refor\u00e7ado com fibra de vidro (PRFV) projetada para oferecer uma combina\u00e7\u00e3o de resist\u00eancia ao deslizamento, resist\u00eancia estrutural e durabilidade a longo prazo. A superf\u00edcie c\u00f4ncava \u00e9 criada pelo processo natural de resfriamento e cura durante a moldagem, resultando em uma superf\u00edcie curva e levemente texturizada ao longo das barras de apoio. Esta grade proporciona uma superf\u00edcie plana e flex\u00edvel, ideal para superf\u00edcies planas e resistentes.<\/p>","protected":false},"author":3,"featured_media":6566,"comment_status":"open","ping_status":"open","sticky":false,"template":"","format":"standard","meta":{"footnotes":""},"categories":[25,10,2],"tags":[335,90,336],"class_list":["post-6642","post","type-post","status-publish","format-standard","has-post-thumbnail","hentry","category-fiberglass-molded-grating","category-main-products","category-products","tag-frp","tag-frp-grating","tag-grp-grating-manufactuer"],"_links":{"self":[{"href":"https:\/\/www.tfcomposite.com\/pt\/wp-json\/wp\/v2\/posts\/6642","targetHints":{"allow":["GET"]}}],"collection":[{"href":"https:\/\/www.tfcomposite.com\/pt\/wp-json\/wp\/v2\/posts"}],"about":[{"href":"https:\/\/www.tfcomposite.com\/pt\/wp-json\/wp\/v2\/types\/post"}],"author":[{"embeddable":true,"href":"https:\/\/www.tfcomposite.com\/pt\/wp-json\/wp\/v2\/users\/3"}],"replies":[{"embeddable":true,"href":"https:\/\/www.tfcomposite.com\/pt\/wp-json\/wp\/v2\/comments?post=6642"}],"version-history":[{"count":2,"href":"https:\/\/www.tfcomposite.com\/pt\/wp-json\/wp\/v2\/posts\/6642\/revisions"}],"predecessor-version":[{"id":6644,"href":"https:\/\/www.tfcomposite.com\/pt\/wp-json\/wp\/v2\/posts\/6642\/revisions\/6644"}],"wp:featuredmedia":[{"embeddable":true,"href":"https:\/\/www.tfcomposite.com\/pt\/wp-json\/wp\/v2\/media\/6566"}],"wp:attachment":[{"href":"https:\/\/www.tfcomposite.com\/pt\/wp-json\/wp\/v2\/media?parent=6642"}],"wp:term":[{"taxonomy":"category","embeddable":true,"href":"https:\/\/www.tfcomposite.com\/pt\/wp-json\/wp\/v2\/categories?post=6642"},{"taxonomy":"post_tag","embeddable":true,"href":"https:\/\/www.tfcomposite.com\/pt\/wp-json\/wp\/v2\/tags?post=6642"}],"curies":[{"name":"wp","href":"https:\/\/api.w.org\/{rel}","templated":true}]}}