
{"id":6696,"date":"2025-05-15T15:14:17","date_gmt":"2025-05-15T07:14:17","guid":{"rendered":"https:\/\/www.tfcomposite.com\/?p=6696"},"modified":"2025-05-19T10:21:10","modified_gmt":"2025-05-19T02:21:10","slug":"guarda-corpos-e-corrimaos-em-fibra-de-vidro-reforcada-com-plastico-frp","status":"publish","type":"post","link":"https:\/\/www.tfcomposite.com\/pt\/guarda-corpos-e-corrimaos-em-fibra-de-vidro-reforcada-com-plastico-frp","title":{"rendered":"Guarda-corpos e corrim\u00e3os em PRFV (Pl\u00e1stico Refor\u00e7ado com Fibra de Vidro)"},"content":{"rendered":"<p><strong>Guarda-corpos e corrim\u00e3os em PRFV (Pl\u00e1stico Refor\u00e7ado com Fibra de Vidro)<\/strong> S\u00e3o solu\u00e7\u00f5es de seguran\u00e7a modernas projetadas para aplica\u00e7\u00f5es industriais e comerciais onde resist\u00eancia \u00e0 corros\u00e3o, durabilidade e integridade estrutural a longo prazo s\u00e3o necess\u00e1rias. Esses sistemas fornecem barreiras de prote\u00e7\u00e3o ao longo de passarelas, plataformas, escadas, mezaninos e \u00e1reas de acesso em telhados para prevenir quedas acidentais e garantir a seguran\u00e7a dos funcion\u00e1rios.<\/p>\n\n\n\n<h3 class=\"wp-block-heading\"><strong>Vantagens do material<\/strong><\/h3>\n\n\n\n<p>A principal vantagem dos guarda-corpos e corrim\u00e3os de PRFV reside em sua <strong>estrutura composta<\/strong>, Normalmente, s\u00e3o fabricadas a partir de uma matriz de resina (como vinil \u00e9ster, poli\u00e9ster isoft\u00e1lico ou ep\u00f3xi) e refor\u00e7o de fibra de vidro. Essa combina\u00e7\u00e3o exclusiva proporciona diversas caracter\u00edsticas superiores ao material em compara\u00e7\u00e3o com os sistemas convencionais de a\u00e7o ou alum\u00ednio:<\/p>\n\n\n\n<ul class=\"wp-block-list\">\n<li><strong>Resist\u00eancia \u00e0 corros\u00e3o<\/strong>A fibra de vidro refor\u00e7ada com pl\u00e1stico (FRP) n\u00e3o enferruja nem se degrada quando exposta \u00e0 \u00e1gua, maresia, produtos qu\u00edmicos ou poluentes industriais. \u00c9 ideal para ambientes agressivos como docas mar\u00edtimas, esta\u00e7\u00f5es de tratamento de efluentes e instala\u00e7\u00f5es de processamento qu\u00edmico.<\/li>\n\n\n\n<li><strong>N\u00e3o Condutivo<\/strong>A fibra de vidro refor\u00e7ada com pl\u00e1stico (FRP) \u00e9 isolante el\u00e9trica, o que a torna mais segura do que o metal em \u00e1reas onde o contato com sistemas el\u00e9tricos representa um risco.<\/li>\n\n\n\n<li><strong>Leve, por\u00e9m resistente.<\/strong>As estruturas de PRFV (Pl\u00e1stico Refor\u00e7ado com Fibra de Vidro) oferecem uma elevada rela\u00e7\u00e3o resist\u00eancia\/peso, o que significa que s\u00e3o mais f\u00e1ceis de manusear e instalar sem comprometer a resist\u00eancia estrutural.<\/li>\n\n\n\n<li><strong>Resistente aos raios UV e \u00e0s intemp\u00e9ries<\/strong>Com sistemas de resina e revestimentos adequados, os corrim\u00e3os de PRFV (Pl\u00e1stico Refor\u00e7ado com Fibra de Vidro) mant\u00eam sua cor e integridade mec\u00e2nica mesmo sob exposi\u00e7\u00e3o prolongada ao sol e em condi\u00e7\u00f5es clim\u00e1ticas adversas.<\/li>\n\n\n\n<li><strong>Baixa manuten\u00e7\u00e3o<\/strong>Ao contr\u00e1rio do metal, que requer pintura ou galvaniza\u00e7\u00e3o regulares, os corrim\u00e3os de PRFV (Pl\u00e1stico Refor\u00e7ado com Fibra de Vidro) exigem manuten\u00e7\u00e3o m\u00ednima ao longo de sua vida \u00fatil.<\/li>\n<\/ul>\n\n\n\n<h3 class=\"wp-block-heading\"><strong>Projeto e Configura\u00e7\u00e3o<\/strong><\/h3>\n\n\n\n<p>Os sistemas de guarda-corpo em PRFV podem ser fabricados em <strong>se\u00e7\u00f5es modulares pr\u00e9-fabricadas<\/strong>, permitindo uma instala\u00e7\u00e3o r\u00e1pida e simples. As configura\u00e7\u00f5es comuns incluem:<\/p>\n\n\n\n<ul class=\"wp-block-list\">\n<li><strong>Sistemas de dois e tr\u00eas trilhos<\/strong><\/li>\n\n\n\n<li><strong>Placas de prote\u00e7\u00e3o para os dedos ou placas de prote\u00e7\u00e3o para os p\u00e9s<\/strong> para maior prote\u00e7\u00e3o dos p\u00e9s<\/li>\n\n\n\n<li><strong>Conjuntos de postes e trilhos<\/strong> com espa\u00e7amento e altura personaliz\u00e1veis<\/li>\n\n\n\n<li><strong>Perfis tubulares quadrados ou redondos<\/strong><\/li>\n\n\n\n<li><strong>Cores personalizadas<\/strong> Dispon\u00edvel, geralmente em amarelo ou cinza para alta visibilidade.<\/li>\n<\/ul>\n\n\n\n<p>Todas as juntas e conex\u00f5es s\u00e3o unidas quimicamente ou fixadas mecanicamente com ferragens de PRFV (Pl\u00e1stico Refor\u00e7ado com Fibra de Vidro) ou a\u00e7o inoxid\u00e1vel para maior durabilidade.<\/p>\n\n\n\n<div style=\"height:100px\" aria-hidden=\"true\" class=\"wp-block-spacer\"><\/div>\n\n\n\n<h2 class=\"wp-block-heading\">Especifica\u00e7\u00f5es e par\u00e2metros t\u00e9cnicos de guarda-corpos e corrim\u00e3os em PRFV (Pl\u00e1stico Refor\u00e7ado com Fibra de Vidro)<\/h2>\n\n\n\n<h3 class=\"wp-block-heading\"><strong>1. Composi\u00e7\u00e3o do Material<\/strong><\/h3>\n\n\n\n<ul class=\"wp-block-list\">\n<li><strong>Tipos de resina<\/strong>:\n<ul class=\"wp-block-list\">\n<li>Resina de poli\u00e9ster isoft\u00e1lica (uso industrial padr\u00e3o)<\/li>\n\n\n\n<li>Resina de vinil \u00e9ster (para ambientes altamente corrosivos)<\/li>\n\n\n\n<li>Resina fen\u00f3lica (para aplica\u00e7\u00f5es resistentes ao fogo e com baixa emiss\u00e3o de fuma\u00e7a)<\/li>\n<\/ul>\n<\/li>\n\n\n\n<li><strong>Refor\u00e7o<\/strong>:\n<ul class=\"wp-block-list\">\n<li>Manta e fibra de vidro cont\u00ednua para maior resist\u00eancia e durabilidade.<\/li>\n<\/ul>\n<\/li>\n<\/ul>\n\n\n\n<h3 class=\"wp-block-heading\"><strong>2. Propriedades Mec\u00e2nicas<\/strong><\/h3>\n\n\n\n<figure class=\"wp-block-table\"><table class=\"has-fixed-layout\"><thead><tr><th>Propriedade<\/th><th>Valor t\u00edpico<\/th><\/tr><\/thead><tbody><tr><td>Resist\u00eancia \u00e0 trac\u00e7\u00e3o<\/td><td>\u2265 200 MPa<\/td><\/tr><tr><td>Resist\u00eancia \u00e0 flex\u00e3o<\/td><td>\u2265 300 MPa<\/td><\/tr><tr><td>Resist\u00eancia \u00e0 compress\u00e3o<\/td><td>\u2265 250 MPa<\/td><\/tr><tr><td>M\u00f3dulo de elasticidade (flex\u00e3o)<\/td><td>20\u201330 GPa<\/td><\/tr><tr><td>Resist\u00eancia ao impacto (Izod com entalhe)<\/td><td>\u2265 90 J\/m<\/td><\/tr><\/tbody><\/table><\/figure>\n\n\n\n<h3 class=\"wp-block-heading\"><strong>3. Propriedades F\u00edsicas<\/strong><\/h3>\n\n\n\n<figure class=\"wp-block-table\"><table class=\"has-fixed-layout\"><thead><tr><th>Propriedade<\/th><th>Valor t\u00edpico<\/th><\/tr><\/thead><tbody><tr><td>Densidade<\/td><td>1,7 \u2013 2,0 g\/cm\u00b3<\/td><\/tr><tr><td>Absor\u00e7\u00e3o de \u00e1gua (24h)<\/td><td>&lt; 0,5%<\/td><\/tr><tr><td>Condutividade t\u00e9rmica<\/td><td>~0,3 W\/m\u00b7K<\/td><\/tr><tr><td>Faixa de temperatura operacional<\/td><td>-40\u00b0C a +120\u00b0C (at\u00e9 180\u00b0C para resinas especiais)<\/td><\/tr><tr><td>Resist\u00eancia ao fogo (ASTM E84)<\/td><td>\u00cdndice de propaga\u00e7\u00e3o de chamas \u2264 25 (Classe I)<\/td><\/tr><\/tbody><\/table><\/figure>\n\n\n\n<h3 class=\"wp-block-heading\"><strong>4. Propriedades El\u00e9tricas<\/strong><\/h3>\n\n\n\n<figure class=\"wp-block-table\"><table class=\"has-fixed-layout\"><thead><tr><th>Propriedade<\/th><th>Valor t\u00edpico<\/th><\/tr><\/thead><tbody><tr><td>Rigidez diel\u00e9trica<\/td><td>\u2265 25 kV\/mm<\/td><\/tr><tr><td>Resistividade superficial<\/td><td>&gt; 10\u00b9\u00b2 ohm<\/td><\/tr><tr><td>Resistividade volum\u00e9trica<\/td><td>&gt; 10\u00b9\u00b3 ohm\u00b7cm<\/td><\/tr><tr><td>Resist\u00eancia ao arco<\/td><td>Excelente<\/td><\/tr><\/tbody><\/table><\/figure>\n\n\n\n<h3 class=\"wp-block-heading\"><strong>5. Dimens\u00f5es<\/strong><\/h3>\n\n\n\n<figure class=\"wp-block-table\"><table class=\"has-fixed-layout\"><thead><tr><th>Componente<\/th><th>Tamanho padr\u00e3o (mm)<\/th><\/tr><\/thead><tbody><tr><td>Postes verticais<\/td><td>Tubo quadrado de 50 \u00d7 50 mm ou 60 \u00d7 60 mm<\/td><\/tr><tr><td>Trilhos horizontais<\/td><td>Tubo redondo de 50 \u00d7 50 mm ou 38 mm<\/td><\/tr><tr><td>Espa\u00e7amento entre postes<\/td><td>1000 mm (centro a centro)<\/td><\/tr><tr><td>Altura do poste<\/td><td>1100\u20131200 mm<\/td><\/tr><tr><td>Placa de prote\u00e7\u00e3o para os dedos (opcional)<\/td><td>100 mm de altura \u00d7 4\u20136 mm de espessura<\/td><\/tr><\/tbody><\/table><\/figure>\n\n\n\n<blockquote class=\"wp-block-quote is-layout-flow wp-block-quote-is-layout-flow\">\n<p><em>Tamanhos e configura\u00e7\u00f5es personalizadas est\u00e3o dispon\u00edveis mediante solicita\u00e7\u00e3o.<\/em><\/p>\n<\/blockquote>\n\n\n\n<h3 class=\"wp-block-heading\"><strong>6. Acabamento da superf\u00edcie<\/strong><\/h3>\n\n\n\n<ul class=\"wp-block-list\">\n<li>Padr\u00e3o: Acabamento lixado liso ou antiderrapante<\/li>\n\n\n\n<li>Revestimento: camada superior resistente aos raios UV ou resina pigmentada<\/li>\n\n\n\n<li>Cor: Normalmente amarelo ou cinza (cores RAL personalizadas dispon\u00edveis)<\/li>\n<\/ul>\n\n\n\n<h3 class=\"wp-block-heading\"><strong>7. Op\u00e7\u00f5es de Instala\u00e7\u00e3o<\/strong><\/h3>\n\n\n\n<ul class=\"wp-block-list\">\n<li><strong>Montagem da placa de base<\/strong> (fixado com parafusos de a\u00e7o inoxid\u00e1vel)<\/li>\n\n\n\n<li><strong>Suportes de montagem lateral<\/strong><\/li>\n\n\n\n<li><strong>Montagem de poste embutido<\/strong><\/li>\n<\/ul>\n\n\n\n<h3 class=\"wp-block-heading\"><strong>8. Normas e Conformidade<\/strong><\/h3>\n\n\n\n<ul class=\"wp-block-list\">\n<li><strong>OSHA 1910.29<\/strong> (Sistemas de guarda-corpo)<\/li>\n\n\n\n<li><strong>ASTM E84<\/strong> (Propaga\u00e7\u00e3o de chamas)<\/li>\n\n\n\n<li><strong>ISO 14122-3<\/strong> (Seguran\u00e7a da m\u00e1quina \u2013 meios de acesso permanentes)<\/li>\n\n\n\n<li><strong>EN 14122 e BS 6399<\/strong> (Normas de projeto estrutural)<\/li>\n<\/ul>\n\n\n\n<div style=\"height:100px\" aria-hidden=\"true\" class=\"wp-block-spacer\"><\/div>\n\n\n\n<h2 class=\"wp-block-heading\">Por que nos escolher?<\/h2>\n\n\n\n<div class=\"wp-block-columns is-layout-flex wp-container-core-columns-is-layout-9d6595d7 wp-block-columns-is-layout-flex\">\n<div class=\"wp-block-column is-layout-flow wp-block-column-is-layout-flow\">\n<p><strong>Especializa\u00e7\u00e3o na fabrica\u00e7\u00e3o de grades de PRFV (Pl\u00e1stico Refor\u00e7ado com Fibra de Vidro)<\/strong><\/p>\n\n\n\n<p>Com mais de 20 anos de experi\u00eancia, nossa f\u00e1brica se especializa exclusivamente no projeto, desenvolvimento e produ\u00e7\u00e3o de grades de PRFV (Pl\u00e1stico Refor\u00e7ado com Fibra de Vidro) de alto desempenho. Nosso profundo conhecimento do setor garante que cada produto atenda aos mais exigentes padr\u00f5es industriais.<\/p>\n<\/div>\n\n\n\n<div class=\"wp-block-column is-layout-flow wp-block-column-is-layout-flow\">\n<p><strong>Tecnologia e equipamentos avan\u00e7ados<\/strong><\/p>\n\n\n\n<p>Utilizamos equipamentos de fabrica\u00e7\u00e3o de \u00faltima gera\u00e7\u00e3o e tecnologia de moldagem de precis\u00e3o para produzir grades com resist\u00eancia superior, resist\u00eancia \u00e0 corros\u00e3o e precis\u00e3o dimensional. Nosso compromisso com a inova\u00e7\u00e3o significa que seu projeto se beneficia dos mais recentes avan\u00e7os na tecnologia de PRFV (Pl\u00e1stico Refor\u00e7ado com Fibra de Vidro).<\/p>\n<\/div>\n\n\n\n<div class=\"wp-block-column is-layout-flow wp-block-column-is-layout-flow\">\n<p><strong>Solu\u00e7\u00f5es personalizadas<\/strong><\/p>\n\n\n\n<p>Desde o tamanho dos pain\u00e9is e tipos de resina at\u00e9 os acabamentos de superf\u00edcie e cores, oferecemos personaliza\u00e7\u00e3o completa para atender \u00e0s suas necessidades espec\u00edficas de aplica\u00e7\u00e3o \u2014 sejam pisos industriais, degraus de escada, tampas de valas ou plataformas mar\u00edtimas.<\/p>\n<\/div>\n<\/div>\n\n\n\n<div class=\"wp-block-columns is-layout-flex wp-container-core-columns-is-layout-9d6595d7 wp-block-columns-is-layout-flex\">\n<div class=\"wp-block-column is-layout-flow wp-block-column-is-layout-flow\">\n<p><strong>Controle de qualidade rigoroso<\/strong><\/p>\n\n\n\n<p>Cada produto passa por um rigoroso processo de inspe\u00e7\u00e3o de qualidade, incluindo testes de carga, verifica\u00e7\u00e3o de resist\u00eancia \u00e0 chama e an\u00e1lise de resist\u00eancia \u00e0 corros\u00e3o. Nosso sistema de gest\u00e3o da qualidade com certifica\u00e7\u00e3o ISO garante excel\u00eancia consistente em cada lote.<\/p>\n<\/div>\n\n\n\n<div class=\"wp-block-column is-layout-flow wp-block-column-is-layout-flow\">\n<p><strong>Pre\u00e7os competitivos<\/strong><\/p>\n\n\n\n<p>Oferecemos pre\u00e7os direto da f\u00e1brica sem comprometer a qualidade. Com processos de produ\u00e7\u00e3o otimizados e capacidade de fabrica\u00e7\u00e3o em larga escala, ajudamos nossos clientes a obter economia de custos em grande escala.<\/p>\n<\/div>\n\n\n\n<div class=\"wp-block-column is-layout-flow wp-block-column-is-layout-flow\">\n<p><strong>Entrega confi\u00e1vel e alcance global<\/strong><\/p>\n\n\n\n<p>Mantemos um amplo estoque de produtos padr\u00e3o e operamos um sistema log\u00edstico otimizado, garantindo prazos de entrega r\u00e1pidos em \u00e2mbito nacional e internacional. Atendemos com sucesso clientes em mais de 15 pa\u00edses.<\/p>\n<\/div>\n<\/div>\n\n\n\n<div style=\"height:100px\" aria-hidden=\"true\" class=\"wp-block-spacer\"><\/div>\n\n\n\n<h2 class=\"wp-block-heading\">Produtos mais vendidos<\/h2>\n\n\n\n<div class=\"wp-block-columns is-layout-flex wp-container-core-columns-is-layout-9d6595d7 wp-block-columns-is-layout-flex\">\n<div class=\"wp-block-column is-layout-flow wp-block-column-is-layout-flow\">\n<figure class=\"wp-block-image size-full\"><img loading=\"lazy\" decoding=\"async\" width=\"600\" height=\"600\" src=\"https:\/\/lingjuimg.com\/wp-content\/uploads\/tfcomposite\/2025\/04\/main_product_1.webp\" alt=\"f\u00e1brica atacadista\" class=\"wp-image-6566\" title=\"\" srcset=\"https:\/\/lingjuimg.com\/wp-content\/uploads\/tfcomposite\/2025\/04\/main_product_1.webp 600w, https:\/\/lingjuimg.com\/wp-content\/uploads\/tfcomposite\/2025\/04\/main_product_1-300x300.webp 300w, https:\/\/lingjuimg.com\/wp-content\/uploads\/tfcomposite\/2025\/04\/main_product_1-150x150.webp 150w, https:\/\/lingjuimg.com\/wp-content\/uploads\/tfcomposite\/2025\/04\/main_product_1-12x12.webp 12w\" sizes=\"auto, (max-width: 600px) 100vw, 600px\" \/><figcaption class=\"wp-element-caption\">Grade FRP<\/figcaption><\/figure>\n<\/div>\n\n\n\n<div class=\"wp-block-column is-layout-flow wp-block-column-is-layout-flow\">\n<figure class=\"wp-block-image size-large\"><img decoding=\"async\" src=\"https:\/\/lingjuimg.com\/wp-content\/uploads\/tfcomposite\/2025\/04\/zhutu.webp\" alt=\"f\u00e1brica atacadista\" title=\"\"><\/figure>\n<\/div>\n\n\n\n<div class=\"wp-block-column is-layout-flow wp-block-column-is-layout-flow\">\n<figure class=\"wp-block-image size-full\"><img loading=\"lazy\" decoding=\"async\" width=\"800\" height=\"800\" src=\"https:\/\/lingjuimg.com\/wp-content\/uploads\/tfcomposite\/2025\/05\/frpgrating5.webp\" alt=\"f\u00e1brica atacadista\" class=\"wp-image-6600\" title=\"\" srcset=\"https:\/\/lingjuimg.com\/wp-content\/uploads\/tfcomposite\/2025\/05\/frpgrating5.webp 800w, https:\/\/lingjuimg.com\/wp-content\/uploads\/tfcomposite\/2025\/05\/frpgrating5-300x300.webp 300w, https:\/\/lingjuimg.com\/wp-content\/uploads\/tfcomposite\/2025\/05\/frpgrating5-150x150.webp 150w, https:\/\/lingjuimg.com\/wp-content\/uploads\/tfcomposite\/2025\/05\/frpgrating5-768x768.webp 768w, https:\/\/lingjuimg.com\/wp-content\/uploads\/tfcomposite\/2025\/05\/frpgrating5-12x12.webp 12w\" sizes=\"auto, (max-width: 800px) 100vw, 800px\" \/><figcaption class=\"wp-element-caption\">Grade FRP<\/figcaption><\/figure>\n<\/div>\n<\/div>\n\n\n\n<div class=\"wp-block-columns is-layout-flex wp-container-core-columns-is-layout-9d6595d7 wp-block-columns-is-layout-flex\">\n<div class=\"wp-block-column is-layout-flow wp-block-column-is-layout-flow\" style=\"flex-basis:66.66%\">\n<figure class=\"wp-block-table\"><table class=\"has-fixed-layout\"><tbody><tr><td>Tamanhos padr\u00e3o de pain\u00e9is<\/td><td>1220 mm \u00d7 3660 mm (4 p\u00e9s \u00d7 12 p\u00e9s)<br>1220 mm \u00d7 4000 mm (4 p\u00e9s \u00d7 13,1 p\u00e9s)<br>915 mm \u00d7 3050 mm (3 p\u00e9s \u00d7 10 p\u00e9s)<br>1000 mm \u00d7 3000 mm (personaliz\u00e1vel)<br>(<em>Outros tamanhos podem ser personalizados de acordo com as necessidades do projeto.<\/em>)<br><\/td><\/tr><tr><td>Op\u00e7\u00f5es de espessura<\/td><td>25 mm (1 polegada)<br>30 mm (1,2 polegadas)<br>38 mm (1,5 polegadas) \u2014 o mais comum<br>50 mm (2 polegadas)<\/td><\/tr><tr><td>Tamanho da malha (tamanho da abertura)<\/td><td>38 mm \u00d7 38 mm (1,5 polegadas \u00d7 1,5 polegadas) \u2014 Padr\u00e3o<br>40 mm \u00d7 40 mm<br>19 mm \u00d7 19 mm (mini-malha para impedir a passagem de pequenos objetos)<\/td><\/tr><tr><td>Largura e espa\u00e7amento da barra de carga<br> (para grades pultrudadas)<\/td><td>Largura da barra de carga: normalmente 25 mm, 38 mm, 50 mm<br>Espa\u00e7amento das barras de carga: 25 mm, 40 mm, 50 mm de centro a centro<\/td><\/tr><tr><td>Op\u00e7\u00f5es de superf\u00edcie<\/td><td>Superf\u00edcie \u00e1spera (antiderrapante)<br>Superf\u00edcie lisa<br>Superf\u00edcie coberta (tampo s\u00f3lido)<\/td><\/tr><tr><td>Cores dispon\u00edveis<\/td><td>Amarelo (mais comum)<br>Verde<br>Cinza<br>Vermelho<br>Cores personalizadas sob encomenda<\/td><\/tr><tr><td>Tipos comuns de resina<\/td><td>Poli\u00e9ster Isoft\u00e1lico (resist\u00eancia \u00e0 corros\u00e3o padr\u00e3o)<br>\u00c9ster vin\u00edlico (alta resist\u00eancia qu\u00edmica)<br>Fen\u00f3lico (aplica\u00e7\u00f5es resistentes ao fogo)<\/td><\/tr><\/tbody><\/table><\/figure>\n<\/div>\n\n\n\n<div class=\"wp-block-column is-layout-flow wp-block-column-is-layout-flow\" style=\"flex-basis:33.33%\">\n<h2 class=\"wp-block-heading\">Sobre a f\u00e1brica<\/h2>\n\n\n\n<p><strong>Anhui Tianfu New Material Co., Ltd<\/strong> \u00e9 um fabricante profissional l\u00edder especializado em <strong>Grelha moldada em PRFV<\/strong> Com mais de 20 anos de experi\u00eancia na ind\u00fastria de materiais comp\u00f3sitos, dedicamo-nos a fornecer solu\u00e7\u00f5es de alta qualidade em pl\u00e1stico refor\u00e7ado com fibra de vidro (PRFV) para uma ampla gama de aplica\u00e7\u00f5es industriais e comerciais. Nossa moderna f\u00e1brica est\u00e1 equipada com linhas de produ\u00e7\u00e3o avan\u00e7adas, abrangendo uma \u00e1rea de mais de 26.000 metros quadrados. Oferecemos uma linha completa de grades moldadas em PRFV com resist\u00eancia superior, resist\u00eancia qu\u00edmica, retardamento de chamas e propriedades antiderrapantes. Na Tianfu New Material, priorizamos a inova\u00e7\u00e3o, o rigoroso controle de qualidade e a satisfa\u00e7\u00e3o do cliente. Nossos produtos s\u00e3o certificados segundo normas internacionais e exportados para mais de 30 pa\u00edses em todo o mundo, atendendo a setores como plantas qu\u00edmicas, esta\u00e7\u00f5es de tratamento de esgoto, plataformas offshore e passarelas. Seja qual for a sua necessidade, tamanhos padr\u00e3o ou solu\u00e7\u00f5es personalizadas, a Tianfu \u00e9 sua parceira confi\u00e1vel em grades moldadas em PRFV.<\/p>\n<\/div>\n<\/div>\n\n\n\n<div class=\"wp-block-columns is-layout-flex wp-container-core-columns-is-layout-9d6595d7 wp-block-columns-is-layout-flex\">\n<div class=\"wp-block-column is-layout-flow wp-block-column-is-layout-flow\">\n<div style=\"height:100px\" aria-hidden=\"true\" class=\"wp-block-spacer\"><\/div>\n<\/div>\n<\/div>\n\n\n\n<h2 class=\"wp-block-heading\">Cen\u00e1rios de Aplica\u00e7\u00e3o<\/h2>\n\n\n\n<div class=\"wp-block-columns is-layout-flex wp-container-core-columns-is-layout-9d6595d7 wp-block-columns-is-layout-flex\">\n<div class=\"wp-block-column is-layout-flow wp-block-column-is-layout-flow\">\n<div class=\"wp-block-columns is-layout-flex wp-container-core-columns-is-layout-9d6595d7 wp-block-columns-is-layout-flex\">\n<div class=\"wp-block-column is-layout-flow wp-block-column-is-layout-flow\">\n<figure class=\"wp-block-image size-large\"><img decoding=\"async\" src=\"https:\/\/lingjuimg.com\/wp-content\/uploads\/tfcomposite\/2025\/04\/app1.webp\" alt=\"f\u00e1brica atacadista\" title=\"\"><\/figure>\n<\/div>\n\n\n\n<div class=\"wp-block-column is-layout-flow wp-block-column-is-layout-flow\">\n<figure class=\"wp-block-image size-large\"><img decoding=\"async\" src=\"https:\/\/lingjuimg.com\/wp-content\/uploads\/tfcomposite\/2025\/04\/app2.webp\" alt=\"f\u00e1brica atacadista\" title=\"\"><\/figure>\n<\/div>\n<\/div>\n<\/div>\n\n\n\n<div class=\"wp-block-column is-layout-flow wp-block-column-is-layout-flow\">\n<div class=\"wp-block-columns is-layout-flex wp-container-core-columns-is-layout-9d6595d7 wp-block-columns-is-layout-flex\">\n<div class=\"wp-block-column is-layout-flow wp-block-column-is-layout-flow\">\n<figure class=\"wp-block-image size-large\"><img decoding=\"async\" src=\"https:\/\/lingjuimg.com\/wp-content\/uploads\/tfcomposite\/2025\/04\/app3.webp\" alt=\"f\u00e1brica atacadista\" title=\"\"><\/figure>\n<\/div>\n\n\n\n<div class=\"wp-block-column is-layout-flow wp-block-column-is-layout-flow\">\n<figure class=\"wp-block-image size-large\"><img decoding=\"async\" src=\"https:\/\/lingjuimg.com\/wp-content\/uploads\/tfcomposite\/2025\/04\/app4.webp\" alt=\"f\u00e1brica atacadista\" title=\"\"><\/figure>\n<\/div>\n<\/div>\n<\/div>\n<\/div>\n\n\n\n<div class=\"wp-block-columns is-layout-flex wp-container-core-columns-is-layout-9d6595d7 wp-block-columns-is-layout-flex\">\n<div class=\"wp-block-column is-layout-flow wp-block-column-is-layout-flow\">\n<div class=\"wp-block-columns is-layout-flex wp-container-core-columns-is-layout-9d6595d7 wp-block-columns-is-layout-flex\">\n<div class=\"wp-block-column is-layout-flow wp-block-column-is-layout-flow\">\n<figure class=\"wp-block-image size-large\"><img decoding=\"async\" src=\"https:\/\/lingjuimg.com\/wp-content\/uploads\/tfcomposite\/2025\/04\/app5.webp\" alt=\"f\u00e1brica atacadista\" title=\"\"><\/figure>\n<\/div>\n\n\n\n<div class=\"wp-block-column is-layout-flow wp-block-column-is-layout-flow\">\n<figure class=\"wp-block-image size-large\"><img decoding=\"async\" src=\"https:\/\/lingjuimg.com\/wp-content\/uploads\/tfcomposite\/2025\/04\/app6.webp\" alt=\"f\u00e1brica atacadista\" title=\"\"><\/figure>\n<\/div>\n<\/div>\n<\/div>\n\n\n\n<div class=\"wp-block-column is-layout-flow wp-block-column-is-layout-flow\">\n<div class=\"wp-block-columns is-layout-flex wp-container-core-columns-is-layout-9d6595d7 wp-block-columns-is-layout-flex\">\n<div class=\"wp-block-column is-layout-flow wp-block-column-is-layout-flow\">\n<figure class=\"wp-block-image size-large\"><img decoding=\"async\" src=\"https:\/\/lingjuimg.com\/wp-content\/uploads\/tfcomposite\/2025\/04\/app7.webp\" alt=\"f\u00e1brica atacadista\" title=\"\"><\/figure>\n<\/div>\n\n\n\n<div class=\"wp-block-column is-layout-flow wp-block-column-is-layout-flow\">\n<figure class=\"wp-block-image size-large\"><img decoding=\"async\" src=\"https:\/\/lingjuimg.com\/wp-content\/uploads\/tfcomposite\/2025\/04\/app8.webp\" alt=\"f\u00e1brica atacadista\" title=\"\"><\/figure>\n<\/div>\n<\/div>\n<\/div>\n<\/div>\n\n\n\n<div style=\"height:100px\" aria-hidden=\"true\" class=\"wp-block-spacer\"><\/div>\n\n\n\n<h2 class=\"wp-block-heading\">Sobre a f\u00e1brica<\/h2>\n\n\n\n<div class=\"wp-block-columns is-layout-flex wp-container-core-columns-is-layout-9d6595d7 wp-block-columns-is-layout-flex\">\n<div class=\"wp-block-column is-layout-flow wp-block-column-is-layout-flow\">\n<figure class=\"wp-block-image size-full\"><img loading=\"lazy\" decoding=\"async\" width=\"600\" height=\"400\" src=\"https:\/\/lingjuimg.com\/wp-content\/uploads\/tfcomposite\/2025\/04\/fengmain.webp\" alt=\"f\u00e1brica atacadista\" class=\"wp-image-6547\" title=\"\" srcset=\"https:\/\/lingjuimg.com\/wp-content\/uploads\/tfcomposite\/2025\/04\/fengmain.webp 600w, https:\/\/lingjuimg.com\/wp-content\/uploads\/tfcomposite\/2025\/04\/fengmain-300x200.webp 300w, https:\/\/lingjuimg.com\/wp-content\/uploads\/tfcomposite\/2025\/04\/fengmain-18x12.webp 18w\" sizes=\"auto, (max-width: 600px) 100vw, 600px\" \/><\/figure>\n\n\n\n<p>Somos um fabricante profissional de grades de PRFV (Pl\u00e1stico Refor\u00e7ado com Fibra de Vidro) com mais de 20 anos de experi\u00eancia. Nossa f\u00e1brica de 26.000 m\u00b2 possui certifica\u00e7\u00e3o ISO 9001 e atende clientes em mais de 30 pa\u00edses, com capacidade de fabrica\u00e7\u00e3o OEM\/ODM. Oferecemos solu\u00e7\u00f5es personalizadas e entrega r\u00e1pida em todo o mundo.<\/p>\n<\/div>\n\n\n\n<div class=\"wp-block-column is-layout-flow wp-block-column-is-layout-flow\">\n<figure class=\"wp-block-image size-full\"><img loading=\"lazy\" decoding=\"async\" width=\"900\" height=\"600\" src=\"https:\/\/lingjuimg.com\/wp-content\/uploads\/tfcomposite\/2025\/04\/warehouse.jpg\" alt=\"f\u00e1brica atacadista\" class=\"wp-image-6463\" title=\"\" srcset=\"https:\/\/lingjuimg.com\/wp-content\/uploads\/tfcomposite\/2025\/04\/warehouse.jpg 900w, https:\/\/lingjuimg.com\/wp-content\/uploads\/tfcomposite\/2025\/04\/warehouse-300x200.jpg 300w, https:\/\/lingjuimg.com\/wp-content\/uploads\/tfcomposite\/2025\/04\/warehouse-768x512.jpg 768w, https:\/\/lingjuimg.com\/wp-content\/uploads\/tfcomposite\/2025\/04\/warehouse-18x12.jpg 18w\" sizes=\"auto, (max-width: 900px) 100vw, 900px\" \/><\/figure>\n\n\n\n<p>Nossas grades de PRFV s\u00e3o fabricadas de acordo com as normas ISO 9001 e testadas segundo as normas ASTM E84 (classifica\u00e7\u00e3o de resist\u00eancia ao fogo Classe 1), ASTM D638\/D790 para desempenho mec\u00e2nico, e est\u00e3o em conformidade com as normas BS 476 e EN 13706. Testes de terceiros est\u00e3o dispon\u00edveis atrav\u00e9s da SGS e da T\u00dcV mediante solicita\u00e7\u00e3o.<\/p>\n<\/div>\n<\/div>\n\n\n\n<div style=\"height:100px\" aria-hidden=\"true\" class=\"wp-block-spacer\"><\/div>\n\n\n\n<h2 class=\"wp-block-heading\">Exibi\u00e7\u00e3o<\/h2>\n\n\n\n<div class=\"wp-block-columns is-layout-flex wp-container-core-columns-is-layout-9d6595d7 wp-block-columns-is-layout-flex\">\n<div class=\"wp-block-column is-layout-flow wp-block-column-is-layout-flow\">\n<div class=\"wp-block-columns is-layout-flex wp-container-core-columns-is-layout-9d6595d7 wp-block-columns-is-layout-flex\">\n<div class=\"wp-block-column is-layout-flow wp-block-column-is-layout-flow\">\n<figure class=\"wp-block-image size-large\"><img decoding=\"async\" src=\"https:\/\/lingjuimg.com\/wp-content\/uploads\/tfcomposite\/2025\/04\/CAMX3.webp\" alt=\"f\u00e1brica atacadista\" title=\"\"><\/figure>\n\n\n\n<p>JEC WORLD 2023<\/p>\n<\/div>\n\n\n\n<div class=\"wp-block-column is-layout-flow wp-block-column-is-layout-flow\">\n<figure class=\"wp-block-image size-large\"><img decoding=\"async\" src=\"https:\/\/lingjuimg.com\/wp-content\/uploads\/tfcomposite\/2025\/04\/JEC.webp\" alt=\"f\u00e1brica atacadista\" title=\"\"><\/figure>\n\n\n\n<p>MUNDO JEC 2024<\/p>\n<\/div>\n<\/div>\n<\/div>\n\n\n\n<div class=\"wp-block-column is-layout-flow wp-block-column-is-layout-flow\">\n<div class=\"wp-block-columns is-layout-flex wp-container-core-columns-is-layout-9d6595d7 wp-block-columns-is-layout-flex\">\n<div class=\"wp-block-column is-layout-flow wp-block-column-is-layout-flow\">\n<figure class=\"wp-block-image size-large\"><img decoding=\"async\" src=\"https:\/\/lingjuimg.com\/wp-content\/uploads\/tfcomposite\/2025\/04\/CAMX2.webp\" alt=\"f\u00e1brica atacadista\" title=\"\"><\/figure>\n\n\n\n<p>CAMX 2025<\/p>\n<\/div>\n\n\n\n<div class=\"wp-block-column is-layout-flow wp-block-column-is-layout-flow\">\n<figure class=\"wp-block-image size-large\"><img decoding=\"async\" src=\"https:\/\/lingjuimg.com\/wp-content\/uploads\/tfcomposite\/2025\/04\/SHANGHAI.webp\" alt=\"f\u00e1brica atacadista\" title=\"\"><\/figure>\n\n\n\n<p>XANGAI 2025<\/p>\n<\/div>\n<\/div>\n<\/div>\n<\/div>\n\n\n\n<div style=\"height:100px\" aria-hidden=\"true\" class=\"wp-block-spacer\"><\/div>\n\n\n\n<h2 class=\"wp-block-heading\">Certificado<\/h2>\n\n\n\n<div class=\"wp-block-columns is-layout-flex wp-container-core-columns-is-layout-9d6595d7 wp-block-columns-is-layout-flex\">\n<div class=\"wp-block-column is-layout-flow wp-block-column-is-layout-flow\">\n<div class=\"wp-block-columns is-layout-flex wp-container-core-columns-is-layout-9d6595d7 wp-block-columns-is-layout-flex\">\n<div class=\"wp-block-column is-layout-flow wp-block-column-is-layout-flow\">\n<figure class=\"wp-block-image size-large\"><img decoding=\"async\" src=\"https:\/\/lingjuimg.com\/wp-content\/uploads\/tfcomposite\/2025\/04\/dnv.webp\" alt=\"f\u00e1brica atacadista\" title=\"\"><\/figure>\n<\/div>\n\n\n\n<div class=\"wp-block-column is-layout-flow wp-block-column-is-layout-flow\">\n<figure class=\"wp-block-image size-large\"><img decoding=\"async\" src=\"https:\/\/lingjuimg.com\/wp-content\/uploads\/tfcomposite\/2025\/04\/abs.webp\" alt=\"f\u00e1brica atacadista\" title=\"\"><\/figure>\n<\/div>\n<\/div>\n<\/div>\n\n\n\n<div class=\"wp-block-column is-layout-flow wp-block-column-is-layout-flow\">\n<div class=\"wp-block-columns is-layout-flex wp-container-core-columns-is-layout-9d6595d7 wp-block-columns-is-layout-flex\">\n<div class=\"wp-block-column is-layout-flow wp-block-column-is-layout-flow\">\n<figure class=\"wp-block-image size-large\"><img decoding=\"async\" src=\"https:\/\/lingjuimg.com\/wp-content\/uploads\/tfcomposite\/2025\/04\/sgs.webp\" alt=\"f\u00e1brica atacadista\" title=\"\"><\/figure>\n<\/div>\n\n\n\n<div class=\"wp-block-column is-layout-flow wp-block-column-is-layout-flow\">\n<figure class=\"wp-block-image size-large\"><img decoding=\"async\" src=\"https:\/\/lingjuimg.com\/wp-content\/uploads\/tfcomposite\/2025\/04\/quality.webp\" alt=\"f\u00e1brica atacadista\" title=\"\"><\/figure>\n<\/div>\n<\/div>\n<\/div>\n<\/div>\n\n\n\n<div style=\"height:100px\" aria-hidden=\"true\" class=\"wp-block-spacer\"><\/div>\n\n\n\n<h2 class=\"wp-block-heading\">Outros produtos<\/h2>\n\n\n\n<div class=\"wp-block-columns is-layout-flex wp-container-core-columns-is-layout-9d6595d7 wp-block-columns-is-layout-flex\">\n<div class=\"wp-block-column is-layout-flow wp-block-column-is-layout-flow\">\n<div class=\"wp-block-columns is-layout-flex wp-container-core-columns-is-layout-9d6595d7 wp-block-columns-is-layout-flex\">\n<div class=\"wp-block-column is-layout-flow wp-block-column-is-layout-flow\">\n<figure class=\"wp-block-image size-large\"><a href=\"https:\/\/www.tfcomposite.com\/pt\/categoria\/produtos\/principais-produtos\/perfis-pultrudados-de-fibra-de-vidro\/\"><img decoding=\"async\" src=\"https:\/\/lingjuimg.com\/wp-content\/uploads\/tfcomposite\/2025\/04\/frp-c.webp\" alt=\"f\u00e1brica atacadista\" title=\"\"><\/a><\/figure>\n\n\n\n<p>Perfis pultrudados FRP<\/p>\n<\/div>\n\n\n\n<div class=\"wp-block-column is-layout-flow wp-block-column-is-layout-flow\">\n<figure class=\"wp-block-image size-large\"><a href=\"https:\/\/www.tfcomposite.com\/pt\/categoria\/produtos\/principais-produtos\/grade-pultrudada-de-fibra-de-vidro\/\"><img decoding=\"async\" src=\"https:\/\/lingjuimg.com\/wp-content\/uploads\/tfcomposite\/2025\/04\/FRP-Pultruded-Panel.webp\" alt=\"f\u00e1brica atacadista\" title=\"\"><\/a><\/figure>\n\n\n\n<p>Grelha pultrudada de PRFV<\/p>\n<\/div>\n<\/div>\n<\/div>\n\n\n\n<div class=\"wp-block-column is-layout-flow wp-block-column-is-layout-flow\">\n<div class=\"wp-block-columns is-layout-flex wp-container-core-columns-is-layout-9d6595d7 wp-block-columns-is-layout-flex\">\n<div class=\"wp-block-column is-layout-flow wp-block-column-is-layout-flow\">\n<figure class=\"wp-block-image size-large\"><a href=\"https:\/\/www.tfcomposite.com\/pt\/categoria\/produtos\/principais-produtos\/sistema-de-corrimao-de-fibra-de-vidro\/\"><img decoding=\"async\" src=\"https:\/\/lingjuimg.com\/wp-content\/uploads\/tfcomposite\/2025\/04\/stair_trends.webp\" alt=\"f\u00e1brica atacadista\" title=\"\"><\/a><\/figure>\n\n\n\n<p>Sistema de corrim\u00e3o em PRFV (Pl\u00e1stico Refor\u00e7ado com Fibra de Vidro)<\/p>\n<\/div>\n\n\n\n<div class=\"wp-block-column is-layout-flow wp-block-column-is-layout-flow\">\n<figure class=\"wp-block-image size-large\"><a href=\"https:\/\/www.tfcomposite.com\/pt\/categoria\/produtos\/principais-produtos\/grade-moldada-em-fibra-de-vidro\/pagina\/3\/\"><img decoding=\"async\" src=\"https:\/\/lingjuimg.com\/wp-content\/uploads\/tfcomposite\/2025\/04\/landing_clips.webp\" alt=\"f\u00e1brica atacadista\" title=\"\"><\/a><\/figure>\n\n\n\n<p>Clips para grades de PRFV<\/p>\n<\/div>\n<\/div>\n<\/div>\n<\/div>\n\n\n\n<h2 class=\"wp-block-heading\">Tour virtual pela f\u00e1brica<\/h2>\n\n\n\n<figure class=\"wp-block-image size-full\"><a href=\"https:\/\/world-port.made-in-china.com\/viewVR?comId=NOCaJPyoZUDm\" target=\"_blank\" rel=\"noopener\"><img loading=\"lazy\" decoding=\"async\" width=\"600\" height=\"400\" src=\"https:\/\/lingjuimg.com\/wp-content\/uploads\/tfcomposite\/2025\/04\/vr2.webp\" alt=\"f\u00e1brica atacadista\" class=\"wp-image-6573\" title=\"\" srcset=\"https:\/\/lingjuimg.com\/wp-content\/uploads\/tfcomposite\/2025\/04\/vr2.webp 600w, https:\/\/lingjuimg.com\/wp-content\/uploads\/tfcomposite\/2025\/04\/vr2-300x200.webp 300w, https:\/\/lingjuimg.com\/wp-content\/uploads\/tfcomposite\/2025\/04\/vr2-18x12.webp 18w\" sizes=\"auto, (max-width: 600px) 100vw, 600px\" \/><\/a><\/figure>","protected":false},"excerpt":{"rendered":"<p>Os guarda-corpos e corrim\u00e3os em PRFV (Pl\u00e1stico Refor\u00e7ado com Fibra de Vidro) s\u00e3o solu\u00e7\u00f5es de seguran\u00e7a modernas projetadas para aplica\u00e7\u00f5es industriais e comerciais onde s\u00e3o necess\u00e1rias resist\u00eancia \u00e0 corros\u00e3o, durabilidade e integridade estrutural a longo prazo. Esses sistemas fornecem barreiras de prote\u00e7\u00e3o ao longo de passarelas, plataformas, escadas, mezaninos e \u00e1reas de acesso em telhados para evitar quedas acidentais e garantir a seguran\u00e7a das pessoas. Vantagens do Material A principal vantagem [\u2026]<\/p>","protected":false},"author":3,"featured_media":0,"comment_status":"open","ping_status":"open","sticky":false,"template":"","format":"standard","meta":{"footnotes":""},"categories":[27,10,2],"tags":[335,90,336],"class_list":["post-6696","post","type-post","status-publish","format-standard","hentry","category-fiberglass-handrail-system","category-main-products","category-products","tag-frp","tag-frp-grating","tag-grp-grating-manufactuer"],"_links":{"self":[{"href":"https:\/\/www.tfcomposite.com\/pt\/wp-json\/wp\/v2\/posts\/6696","targetHints":{"allow":["GET"]}}],"collection":[{"href":"https:\/\/www.tfcomposite.com\/pt\/wp-json\/wp\/v2\/posts"}],"about":[{"href":"https:\/\/www.tfcomposite.com\/pt\/wp-json\/wp\/v2\/types\/post"}],"author":[{"embeddable":true,"href":"https:\/\/www.tfcomposite.com\/pt\/wp-json\/wp\/v2\/users\/3"}],"replies":[{"embeddable":true,"href":"https:\/\/www.tfcomposite.com\/pt\/wp-json\/wp\/v2\/comments?post=6696"}],"version-history":[{"count":2,"href":"https:\/\/www.tfcomposite.com\/pt\/wp-json\/wp\/v2\/posts\/6696\/revisions"}],"predecessor-version":[{"id":6702,"href":"https:\/\/www.tfcomposite.com\/pt\/wp-json\/wp\/v2\/posts\/6696\/revisions\/6702"}],"wp:attachment":[{"href":"https:\/\/www.tfcomposite.com\/pt\/wp-json\/wp\/v2\/media?parent=6696"}],"wp:term":[{"taxonomy":"category","embeddable":true,"href":"https:\/\/www.tfcomposite.com\/pt\/wp-json\/wp\/v2\/categories?post=6696"},{"taxonomy":"post_tag","embeddable":true,"href":"https:\/\/www.tfcomposite.com\/pt\/wp-json\/wp\/v2\/tags?post=6696"}],"curies":[{"name":"wp","href":"https:\/\/api.w.org\/{rel}","templated":true}]}}